{"id":8050,"date":"2023-12-09T14:56:17","date_gmt":"2023-12-09T13:56:17","guid":{"rendered":"http:\/\/www.amis-musee-faience-quimper.fr\/?p=8050"},"modified":"2023-12-09T15:07:35","modified_gmt":"2023-12-09T14:07:35","slug":"pevarzek-conference-sur-les-seiz-breur-dolivier-levasseur-apb","status":"publish","type":"post","link":"http:\/\/www.amis-musee-faience-quimper.fr\/index.php\/2023\/12\/09\/pevarzek-conference-sur-les-seiz-breur-dolivier-levasseur-apb\/","title":{"rendered":"Pevarzek &#8211; Conf\u00e9rence sur les Seiz Breur d&rsquo;Olivier Levasseur (APB)."},"content":{"rendered":"\n<p class=\"has-text-align-justify\">Dans le cadre de l&rsquo;exposition \u00ab\u00a0Pevarzek\u00a0\u00bb au ch\u00e2teau de Tronjoly \u00e0 Gourin, la jeune association organise des conf\u00e9rences.<br>L&rsquo;Agence Bretagne Presse a eu la bonne id\u00e9e de capter la conf\u00e9rence de samedi dernier, de notre ami Olivier Levasseur.<\/p>\n\n\n\n<p class=\"has-text-align-center\">\u00ab\u00a0<strong><em>Breton et moderne<br>Ar Seiz Breur et la r\u00e9novation des arts du quotidien<\/em><\/strong>\u00ab\u00a0<\/p>\n\n\n\n<iframe loading=\"lazy\" width=\"640\" height=\"320\" src=\"https:\/\/www.youtube.com\/embed\/XQHGBcGzjmU\" title=\"AR SEIZH BREUR : BRETON, MODERNE et POPULAIRE\" frameborder=\"0\" allow=\"accelerometer; autoplay; clipboard-write; encrypted-media; gyroscope; picture-in-picture; web-share\" allowfullscreen><\/iframe>\n\n\n\n<p class=\"has-text-align-justify\">Pour rappel, M. Olivier Levasseur a particip\u00e9 \u00e0 deux catalogues publi\u00e9s par notre association, sur Ren\u00e9-Yves Creston en 2013 (<a href=\"http:\/\/www.amis-musee-faience-quimper.fr\/index.php\/2016\/09\/01\/rene-yves-creston-du-trait-a-la-faience-et-suzanne-candre-creston\/\" target=\"_blank\" rel=\"noopener\" title=\"\">lien<\/a>) et sur Jeanne Malivel en 2018 (<a href=\"http:\/\/www.amis-musee-faience-quimper.fr\/index.php\/2018\/04\/13\/jeanne-malivel-pionniere-de-lart-moderne-breton-1895-1926\/\" target=\"_blank\" rel=\"noopener\" title=\"\">lien<\/a>).<\/p>\n\n\n\n<p class=\"has-text-align-justify\">L&rsquo;exposition du groupe \u00ab\u00a0Pevarzek\u00a0\u00bb se tient jusqu&rsquo;au 17 d\u00e9cembre 2023 (du vendredi au dimanche de 10h \u00e0 18h). De nombreux conf\u00e9renciers reviennent sur l&rsquo;histoire des Seiz Breur (Daniel Le Cou\u00e9dic, Pascal Aumasson, \u2026).<\/p>\n\n\n\n<p>Le site de l&rsquo;association Pevarzek : <a href=\"https:\/\/www.pevarzek.bzh\" target=\"_blank\" rel=\"noopener\" title=\"\">https:\/\/www.pevarzek.bzh<\/a><br>Le site de l&rsquo;Agence Bretagne Presse (APB) : <a href=\"https:\/\/abp.bzh\" target=\"_blank\" rel=\"noopener\" title=\"\">https:\/\/abp.bzh<\/a><\/p>\n\n\n\n<p class=\"has-small-font-size\"><em>2023 &#8211; Agence Bretagne Presse \u00a9<\/em><\/p>\n","protected":false},"excerpt":{"rendered":"<p>Dans le cadre de l&rsquo;exposition \u00ab\u00a0Pevarzek\u00a0\u00bb au ch\u00e2teau de Tronjoly \u00e0 Gourin, la jeune association organise des conf\u00e9rences.L&rsquo;Agence Bretagne Presse a eu la bonne id\u00e9e de capter la conf\u00e9rence de samedi dernier, de notre ami Olivier Levasseur. \u00ab\u00a0Breton et moderneAr &hellip; <a href=\"http:\/\/www.amis-musee-faience-quimper.fr\/index.php\/2023\/12\/09\/pevarzek-conference-sur-les-seiz-breur-dolivier-levasseur-apb\/\">Continuer la lecture <span class=\"meta-nav\">&rarr;<\/span><\/a><\/p>\n","protected":false},"author":1,"featured_media":0,"comment_status":"open","ping_status":"open","sticky":false,"template":"","format":"standard","meta":{"_monsterinsights_skip_tracking":false,"_monsterinsights_sitenote_active":false,"_monsterinsights_sitenote_note":"","_monsterinsights_sitenote_category":0,"jetpack_post_was_ever_published":false,"_jetpack_newsletter_access":"","_jetpack_dont_email_post_to_subs":false,"_jetpack_newsletter_tier_id":0,"_jetpack_memberships_contains_paywalled_content":false,"_jetpack_memberships_contains_paid_content":false,"footnotes":"","jetpack_publicize_message":"","jetpack_publicize_feature_enabled":true,"jetpack_social_post_already_shared":false,"jetpack_social_options":{"image_generator_settings":{"template":"highway","enabled":false}}},"categories":[17],"tags":[937,1536,643,20,414,7,1528,262,305,426,1525,23,425,25],"class_list":["post-8050","post","type-post","status-publish","format-standard","hentry","category-actualites","tag-937","tag-agence-bretagne-presse","tag-conference","tag-creston","tag-daniel-le-couedic","tag-faience","tag-gourin","tag-malivel","tag-olivier-levasseur","tag-pascal-aumasson","tag-pevarzek","tag-quimper","tag-seiz-breur","tag-video"],"jetpack_publicize_connections":[],"aioseo_notices":[],"jetpack_featured_media_url":"","jetpack_sharing_enabled":true,"jetpack_shortlink":"https:\/\/wp.me\/p8tKLp-25Q","_links":{"self":[{"href":"http:\/\/www.amis-musee-faience-quimper.fr\/index.php\/wp-json\/wp\/v2\/posts\/8050","targetHints":{"allow":["GET"]}}],"collection":[{"href":"http:\/\/www.amis-musee-faience-quimper.fr\/index.php\/wp-json\/wp\/v2\/posts"}],"about":[{"href":"http:\/\/www.amis-musee-faience-quimper.fr\/index.php\/wp-json\/wp\/v2\/types\/post"}],"author":[{"embeddable":true,"href":"http:\/\/www.amis-musee-faience-quimper.fr\/index.php\/wp-json\/wp\/v2\/users\/1"}],"replies":[{"embeddable":true,"href":"http:\/\/www.amis-musee-faience-quimper.fr\/index.php\/wp-json\/wp\/v2\/comments?post=8050"}],"version-history":[{"count":4,"href":"http:\/\/www.amis-musee-faience-quimper.fr\/index.php\/wp-json\/wp\/v2\/posts\/8050\/revisions"}],"predecessor-version":[{"id":8055,"href":"http:\/\/www.amis-musee-faience-quimper.fr\/index.php\/wp-json\/wp\/v2\/posts\/8050\/revisions\/8055"}],"wp:attachment":[{"href":"http:\/\/www.amis-musee-faience-quimper.fr\/index.php\/wp-json\/wp\/v2\/media?parent=8050"}],"wp:term":[{"taxonomy":"category","embeddable":true,"href":"http:\/\/www.amis-musee-faience-quimper.fr\/index.php\/wp-json\/wp\/v2\/categories?post=8050"},{"taxonomy":"post_tag","embeddable":true,"href":"http:\/\/www.amis-musee-faience-quimper.fr\/index.php\/wp-json\/wp\/v2\/tags?post=8050"}],"curies":[{"name":"wp","href":"https:\/\/api.w.org\/{rel}","templated":true}]}}