{"id":7984,"date":"2023-10-29T15:00:00","date_gmt":"2023-10-29T14:00:00","guid":{"rendered":"http:\/\/www.amis-musee-faience-quimper.fr\/?p=7984"},"modified":"2024-02-16T11:44:00","modified_gmt":"2024-02-16T10:44:00","slug":"rene-yves-creston-artiste-seiz-breur-et-ethnologue","status":"publish","type":"post","link":"http:\/\/www.amis-musee-faience-quimper.fr\/index.php\/2023\/10\/29\/rene-yves-creston-artiste-seiz-breur-et-ethnologue\/","title":{"rendered":"Ren\u00e9-Yves Creston &#8211; Artiste Seiz Breur et ethnologue."},"content":{"rendered":"\n<p class=\"has-text-align-justify\">Une biographie sur l&rsquo;artiste Ren\u00e9-Yves Creston (1898-1964) vient de para\u00eetre aux \u00e9ditions Ouest-France. Nous devons cet ouvrage \u00e0 Mme Saphyr Creston, qui a soutenu sa th\u00e8se en 2017 sur son grand-p\u00e8re, \u00e0 l&rsquo;Universit\u00e9 de la Sorbonne (<a href=\"https:\/\/www.theses.fr\/2017PA040012\" target=\"_blank\" rel=\"noopener\" title=\"\">lien<\/a>) .<\/p>\n\n\n\n<p class=\"has-text-align-justify\">Ce livre revient notamment sur son \u0153uvre en c\u00e9ramique \u00e0 Quimper. Pour rappel, Saphyr Creston avait collabor\u00e9 au catalogue de l&rsquo;exposition \u00ab\u00a0Ren\u00e9-Yves Creston du trait \u00e0 la fa\u00efence et Suzanne Candr\u00e9-Creston\u00a0\u00bb (<a href=\"http:\/\/www.amis-musee-faience-quimper.fr\/index.php\/2016\/09\/01\/rene-yves-creston-du-trait-a-la-faience-et-suzanne-candre-creston\/\" target=\"_blank\" rel=\"noopener\" title=\"\">lien<\/a>), publi\u00e9 par notre association en 2013.<\/p>\n\n\n\n<hr class=\"wp-block-separator has-alpha-channel-opacity\"\/>\n\n\n<div class=\"wp-block-image\">\n<figure class=\"aligncenter size-full\"><img loading=\"lazy\" decoding=\"async\" width=\"780\" height=\"1000\" src=\"http:\/\/www.amis-musee-faience-quimper.fr\/wp-content\/uploads\/2023\/10\/RY_Creston_SC.jpg\" alt=\"Livre de Saphyr Creston - Ren\u00e9-Yves Creston &quot;Artiste Seiz Breur et ethnologue&quot;\" class=\"wp-image-7985\" srcset=\"http:\/\/www.amis-musee-faience-quimper.fr\/wp-content\/uploads\/2023\/10\/RY_Creston_SC.jpg 780w, http:\/\/www.amis-musee-faience-quimper.fr\/wp-content\/uploads\/2023\/10\/RY_Creston_SC-234x300.jpg 234w, http:\/\/www.amis-musee-faience-quimper.fr\/wp-content\/uploads\/2023\/10\/RY_Creston_SC-768x985.jpg 768w\" sizes=\"auto, (max-width: 780px) 100vw, 780px\" \/><\/figure>\n<\/div>\n\n\n<p class=\"has-text-align-justify\">Co-fondateur du groupe des Seiz Breur en 1923, Ren\u00e9-Yves Creston (1898-1964) fut un illustrateur renomm\u00e9, dessinateur hors pair, c\u00e9ramiste, d\u00e9corateur de th\u00e9\u00e2tre, peintre et grand voyageur. Il a nourri son \u0153uvre du quotidien populaire.<br>Fortement attach\u00e9 \u00e0 l&rsquo;identit\u00e9 bretonne et \u00e0 la modernit\u00e9 de son temps, son travail, tout en restant toujours figuratif, est marqu\u00e9 par une sorte de g\u00e9om\u00e9trisation des formes.<\/p>\n\n\n\n<p class=\"has-text-align-justify\">Les Seiz Breur est un mouvement artistique breton cr\u00e9\u00e9 entre les deux guerres. Leur esth\u00e9tique utilise souvent la technique tr\u00e8s reconnaissable de la gravure sur bois. Ils retravaillent les objets du quotidien \u00e0 partir de mat\u00e9riaux bruts et de formes simples, une id\u00e9e qui am\u00e8nera \u00e0 la naissance du design.<\/p>\n\n\n\n<p class=\"has-text-align-center\"><strong>Ren\u00e9-Yves Creston &#8211; Artiste Seiz Breur et ethnologue<\/strong><br>Saphyr Creston<br><em>Ouest-France \u00e9ditions \u2013 192 page<em>s<\/em><br>ISBN : 978-2-7373-8928-3 \u2013 tarif 35 \u20ac \u2013 Paru en octobre 2023.<\/em><\/p>\n\n\n\n<hr class=\"wp-block-separator has-alpha-channel-opacity\"\/>\n\n\n\n<h2 class=\"wp-block-heading has-text-align-center\">Exposition 2013 &#8211; \u00ab\u00a0Ren\u00e9-Yves Creston du trait \u00e0 la fa\u00efence et Suzanne Candr\u00e9-Creston\u00a0\u00bb<\/h2>\n\n\n\n<iframe loading=\"lazy\" width=\"640\" height=\"380\" src=\"https:\/\/www.youtube.com\/embed\/U5GGxm461uo\" title=\"Ren\u00e9-Yves Creston du trait \u00e0 la fa\u00efence et Suzanne Candr\u00e9-Creston #3.\" frameborder=\"0\" allow=\"accelerometer; autoplay; clipboard-write; encrypted-media; gyroscope; picture-in-picture; web-share\" allowfullscreen><\/iframe>\n\n\n\n<p class=\"has-small-font-size\"><em>Publi\u00e9 le 29 octobre 2023<\/em><\/p>\n\n\n\n<hr class=\"wp-block-separator has-alpha-channel-opacity\"\/>\n\n\n\n<h2 class=\"wp-block-heading has-text-align-center\">\u00c9mission \u00ab\u00a0Page Blanche\u00a0\u00bb (Bretagne 5)<\/h2>\n\n\n\n<p class=\"has-text-align-justify\">Saphyr Creston est l&rsquo;invit\u00e9e de l&rsquo;\u00e9mission \u00ab\u00a0Page Blanche\u00a0\u00bb pour pr\u00e9senter son ouvrage : \u00ab\u00a0Ren\u00e9-Yves Creston, artiste Seiz Breur et ethnologue\u00a0\u00bb.<\/p>\n\n\n\n<figure class=\"wp-block-audio\"><audio controls src=\"https:\/\/www.bretagne5.fr\/sites\/default\/files\/documents\/podcasts\/audio-new\/20240209-page-blanche-s06-saphyr-creston.mp3\"><\/audio><\/figure>\n\n\n\n<p class=\"has-small-font-size\"><em>Vendredi 9 f\u00e9vrier 2024 par Michel Philippo &#8211; Bretagne 5 \u00a9<\/em><\/p>\n","protected":false},"excerpt":{"rendered":"<p>Une biographie sur l&rsquo;artiste Ren\u00e9-Yves Creston (1898-1964) vient de para\u00eetre aux \u00e9ditions Ouest-France. Nous devons cet ouvrage \u00e0 Mme Saphyr Creston, qui a soutenu sa th\u00e8se en 2017 sur son grand-p\u00e8re, \u00e0 l&rsquo;Universit\u00e9 de la Sorbonne (lien) . Ce livre &hellip; <a href=\"http:\/\/www.amis-musee-faience-quimper.fr\/index.php\/2023\/10\/29\/rene-yves-creston-artiste-seiz-breur-et-ethnologue\/\">Continuer la lecture <span class=\"meta-nav\">&rarr;<\/span><\/a><\/p>\n","protected":false},"author":1,"featured_media":0,"comment_status":"open","ping_status":"open","sticky":false,"template":"","format":"standard","meta":{"_monsterinsights_skip_tracking":false,"_monsterinsights_sitenote_active":false,"_monsterinsights_sitenote_note":"","_monsterinsights_sitenote_category":0,"jetpack_post_was_ever_published":false,"_jetpack_newsletter_access":"","_jetpack_dont_email_post_to_subs":false,"_jetpack_newsletter_tier_id":0,"_jetpack_memberships_contains_paywalled_content":false,"_jetpack_memberships_contains_paid_content":false,"footnotes":"","jetpack_publicize_message":"","jetpack_publicize_feature_enabled":true,"jetpack_social_post_already_shared":false,"jetpack_social_options":{"image_generator_settings":{"template":"highway","enabled":false}}},"categories":[17],"tags":[239,937,1542,20,408,1524,7,483,60,169,1543,345,1541,301,23,638,303,425,805],"class_list":["post-7984","post","type-post","status-publish","format-standard","hentry","category-actualites","tag-239","tag-937","tag-bretagne-5","tag-creston","tag-design","tag-ethnologue","tag-faience","tag-gravure","tag-henriot","tag-livre","tag-michel-philippo","tag-ouest-france","tag-page-blanche","tag-peintre","tag-quimper","tag-radio","tag-saphyr-creston","tag-seiz-breur","tag-suzanne-creston"],"jetpack_publicize_connections":[],"aioseo_notices":[],"jetpack_featured_media_url":"","jetpack_sharing_enabled":true,"jetpack_shortlink":"https:\/\/wp.me\/p8tKLp-24M","_links":{"self":[{"href":"http:\/\/www.amis-musee-faience-quimper.fr\/index.php\/wp-json\/wp\/v2\/posts\/7984","targetHints":{"allow":["GET"]}}],"collection":[{"href":"http:\/\/www.amis-musee-faience-quimper.fr\/index.php\/wp-json\/wp\/v2\/posts"}],"about":[{"href":"http:\/\/www.amis-musee-faience-quimper.fr\/index.php\/wp-json\/wp\/v2\/types\/post"}],"author":[{"embeddable":true,"href":"http:\/\/www.amis-musee-faience-quimper.fr\/index.php\/wp-json\/wp\/v2\/users\/1"}],"replies":[{"embeddable":true,"href":"http:\/\/www.amis-musee-faience-quimper.fr\/index.php\/wp-json\/wp\/v2\/comments?post=7984"}],"version-history":[{"count":6,"href":"http:\/\/www.amis-musee-faience-quimper.fr\/index.php\/wp-json\/wp\/v2\/posts\/7984\/revisions"}],"predecessor-version":[{"id":8130,"href":"http:\/\/www.amis-musee-faience-quimper.fr\/index.php\/wp-json\/wp\/v2\/posts\/7984\/revisions\/8130"}],"wp:attachment":[{"href":"http:\/\/www.amis-musee-faience-quimper.fr\/index.php\/wp-json\/wp\/v2\/media?parent=7984"}],"wp:term":[{"taxonomy":"category","embeddable":true,"href":"http:\/\/www.amis-musee-faience-quimper.fr\/index.php\/wp-json\/wp\/v2\/categories?post=7984"},{"taxonomy":"post_tag","embeddable":true,"href":"http:\/\/www.amis-musee-faience-quimper.fr\/index.php\/wp-json\/wp\/v2\/tags?post=7984"}],"curies":[{"name":"wp","href":"https:\/\/api.w.org\/{rel}","templated":true}]}}