{"id":7946,"date":"2023-09-24T19:10:19","date_gmt":"2023-09-24T17:10:19","guid":{"rendered":"http:\/\/www.amis-musee-faience-quimper.fr\/?p=7946"},"modified":"2023-09-24T19:10:23","modified_gmt":"2023-09-24T17:10:23","slug":"pierre-toulhoat-1923-2014-bas-relief-armor-1962","status":"publish","type":"post","link":"http:\/\/www.amis-musee-faience-quimper.fr\/index.php\/2023\/09\/24\/pierre-toulhoat-1923-2014-bas-relief-armor-1962\/","title":{"rendered":"Pierre Toulhoat (1923-2014) &#8211; Bas-relief \u00ab\u00a0Armor\u00a0\u00bb 1962."},"content":{"rendered":"\n<h2 class=\"wp-block-heading\">#&#xfe0f;&#x20e3;41- Journal du Parcours Fa\u00efencier (fiche n\u00b0100) &#x1f30f;&#x1f6b6;&#x200d;&#x2640;&#xfe0f;&#x1f6b6; (<a href=\"http:\/\/www.amis-musee-faience-quimper.fr\/index.php\/parcours-faiencier\/\" title=\"Parcours Fa\u00efencier\">lien<\/a>).<\/h2>\n\n\n\n<p class=\"has-text-align-justify\">Une fois n&rsquo;est pas coutume, nous vous proposons notre traditionnel \u00ab\u00a0Journal du Parcours Fa\u00efencier\u00a0\u00bb en vid\u00e9o !&#x1f3a3;&#x1f30a;&#x1f9dc;&#x200d;&#x2640;&#xfe0f;<\/p>\n\n\n\n<iframe loading=\"lazy\" width=\"640\" height=\"320\" src=\"https:\/\/www.youtube.com\/embed\/ztBJy_0pOo8\" title=\"Pierre Toulhoat (1923-2014) - Bas-relief &quot;Armor&quot; 1962.\" frameborder=\"0\" allow=\"accelerometer; autoplay; clipboard-write; encrypted-media; gyroscope; picture-in-picture; web-share\" allowfullscreen><\/iframe>\n\n\n\n<p class=\"has-text-align-justify\">Nous avons pu admirer le bas-relief \u00ab\u00a0Armor\u00a0\u00bb situ\u00e9 au Lyc\u00e9e Brizeux de Quimper, lors des c\u00e9l\u00e9brations du centenaire de la naissance de Pierre Toulhoat (1923-2014), la semaine derni\u00e8re.<br>Ce bas-relief monumental, mesure 8 m\u00e8tres de long sur 2,4 m\u00e8tres de haut.&#x1f468;&#x2693;&#x26f5;<br>Il s&rsquo;agit d&rsquo;une commande publique financ\u00e9e dans le cadre du 1% artistique.<br>L&rsquo;architecte Raymond Lopez fut sensible aux c\u00e9ramiques de l&rsquo;H\u00f4tel de l&rsquo;\u00e9p\u00e9e et de la Gare de Quimper, ce qui d\u00e9clencha cette proposition.<br>La c\u00e9ramique est sign\u00e9e par l&rsquo;artiste en partie basse. Elle est dat\u00e9e de l&rsquo;ann\u00e9e 1962, avec la mention de la manufacture Keraluc.<\/p>\n\n\n<div class=\"wp-block-image\">\n<figure class=\"aligncenter size-full\"><img loading=\"lazy\" decoding=\"async\" width=\"600\" height=\"337\" src=\"http:\/\/www.amis-musee-faience-quimper.fr\/wp-content\/uploads\/2022\/12\/0101_Pierre_TOULHOAT_Bas_relief_Argoat.jpg\" alt=\"N\u00b00101 - Parcours Fa\u00efencier\" class=\"wp-image-7172\" srcset=\"http:\/\/www.amis-musee-faience-quimper.fr\/wp-content\/uploads\/2022\/12\/0101_Pierre_TOULHOAT_Bas_relief_Argoat.jpg 600w, http:\/\/www.amis-musee-faience-quimper.fr\/wp-content\/uploads\/2022\/12\/0101_Pierre_TOULHOAT_Bas_relief_Argoat-300x169.jpg 300w, http:\/\/www.amis-musee-faience-quimper.fr\/wp-content\/uploads\/2022\/12\/0101_Pierre_TOULHOAT_Bas_relief_Argoat-500x281.jpg 500w\" sizes=\"auto, (max-width: 600px) 100vw, 600px\" \/><\/figure>\n<\/div>\n\n\n<p class=\"has-text-align-justify\">Une pi\u00e8ce similaire d\u00e9nomm\u00e9e \u00ab\u00a0Argoat\u00a0\u00bb, d\u00e9core d\u00e9sormais l&rsquo;h\u00f4tel de Courcy \u00e0 Rennes (b\u00e2timent des assembl\u00e9es du Conseil r\u00e9gional &#8211; foyer des \u00e9lus). Ce bas-relief devait \u00e0 l&rsquo;origine \u00eatre install\u00e9 au lyc\u00e9e Brizeux \u00e0 Quimper. Il a \u00e9t\u00e9 achet\u00e9 par le FRAC Bretagne en 1984 (fiche n\u00b0101).<br>Il est \u00e0 noter que l&rsquo;association des Amis du Mus\u00e9e d\u00e9partemental breton a publi\u00e9 un petit livre sur Pierre Toulhoat, cet \u00e9t\u00e9.<br>Un chapitre est consacr\u00e9 aux dessous de la cr\u00e9ation des bas-reliefs \u00ab\u00a0Armor\u00a0\u00bb et \u00ab\u00a0Argoat\u00a0\u00bb. Le texte est sign\u00e9 par Thierry Godet.<br>N&rsquo;h\u00e9sitez pas \u00e0 contribuer au projet de recensement des c\u00e9ramiques de Quimper : le \u00ab\u00a0Parcours Fa\u00efencier\u00a0\u00bb ! &#x1f609;<\/p>\n\n\n\n<hr class=\"wp-block-separator has-alpha-channel-opacity\"\/>\n\n\n\n<p class=\"has-text-align-center\"><strong>TOULHOAT<br>artiste quimp\u00e9rois \/ arzour eus Kemper<\/strong><\/p>\n\n\n\n<p class=\"has-text-align-justify\">L&rsquo;ouvrage a \u00e9t\u00e9 publi\u00e9 par l&rsquo;association des Amis du Mus\u00e9e d\u00e9partemental breton, dans le cadre du centenaire de la naissance de l&rsquo;artiste.<br>Il rassemble quelques t\u00e9moignages qui, pour la plupart, jettent un regard \u00e9clairant sur une \u0153uvre dont bien des aspects restent encore \u00e0 d\u00e9couvrir.<\/p>\n\n\n<div class=\"wp-block-image\">\n<figure class=\"aligncenter size-full\"><img loading=\"lazy\" decoding=\"async\" width=\"463\" height=\"598\" src=\"http:\/\/www.amis-musee-faience-quimper.fr\/wp-content\/uploads\/2023\/09\/Toulhoat_lartiste_quimperois.jpg\" alt=\"Pierre Toulhoat\" class=\"wp-image-7949\" srcset=\"http:\/\/www.amis-musee-faience-quimper.fr\/wp-content\/uploads\/2023\/09\/Toulhoat_lartiste_quimperois.jpg 463w, http:\/\/www.amis-musee-faience-quimper.fr\/wp-content\/uploads\/2023\/09\/Toulhoat_lartiste_quimperois-232x300.jpg 232w\" sizes=\"auto, (max-width: 463px) 100vw, 463px\" \/><\/figure>\n<\/div>\n\n\n<p class=\"has-text-align-center\"><strong>TOULHOAT &#8211; artiste quimp\u00e9rois \/ arzour eus Kemper<\/strong><br><em>Pr\u00e9faces d&rsquo;Isabelle Assih &amp; Ma\u00ebl de Calan<\/em><br>Thierry Goyet, Antoine Lucas, Armel Morgant, Philippe Th\u00e9allet, H\u00e9l\u00e8ne Toulhoat-Piganau, Herv\u00e9 Toulhoat, Pierre Toulhoat, Catherine Tropr\u00e8s et Bernard Verlingue<br><em>Reli\u00e9 &#8211; format : 19 x 24,5 cm &#8211; 60 pages<br>ISBN : 9 782956 402619 &#8211; tarif 12 \u20ac &#8211; Paru en juillet 2023<\/em><\/p>\n\n\n\n<p class=\"has-small-font-size\"><em>2023 &#8211; Association des Amis du Mus\u00e9e et de la Fa\u00efence de Quimper \u00a9<\/em><\/p>\n","protected":false},"excerpt":{"rendered":"<p>#&#xfe0f;&#x20e3;41- Journal du Parcours Fa\u00efencier (fiche n\u00b0100) &#x1f30f;&#x1f6b6;&#x200d;&#x2640;&#xfe0f;&#x1f6b6; (lien). Une fois n&rsquo;est pas coutume, nous vous proposons notre traditionnel \u00ab\u00a0Journal du Parcours Fa\u00efencier\u00a0\u00bb en vid\u00e9o !&#x1f3a3;&#x1f30a;&#x1f9dc;&#x200d;&#x2640;&#xfe0f; Nous avons pu admirer le bas-relief \u00ab\u00a0Armor\u00a0\u00bb situ\u00e9 au Lyc\u00e9e Brizeux de Quimper, lors &hellip; <a href=\"http:\/\/www.amis-musee-faience-quimper.fr\/index.php\/2023\/09\/24\/pierre-toulhoat-1923-2014-bas-relief-armor-1962\/\">Continuer la lecture <span class=\"meta-nav\">&rarr;<\/span><\/a><\/p>\n","protected":false},"author":1,"featured_media":0,"comment_status":"open","ping_status":"open","sticky":false,"template":"","format":"standard","meta":{"_monsterinsights_skip_tracking":false,"_monsterinsights_sitenote_active":false,"_monsterinsights_sitenote_note":"","_monsterinsights_sitenote_category":0,"jetpack_post_was_ever_published":false,"_jetpack_newsletter_access":"","_jetpack_dont_email_post_to_subs":false,"_jetpack_newsletter_tier_id":0,"_jetpack_memberships_contains_paywalled_content":false,"_jetpack_memberships_contains_paid_content":false,"footnotes":"","jetpack_publicize_message":"","jetpack_publicize_feature_enabled":true,"jetpack_social_post_already_shared":false,"jetpack_social_options":{"image_generator_settings":{"template":"highway","enabled":false}}},"categories":[17],"tags":[937,69,208,340,339,552,7,1520,1521,1054,169,324,1523,551,394,1522,23,1518,1177,91,1519,90,15,25],"class_list":["post-7946","post","type-post","status-publish","format-standard","hentry","category-actualites","tag-937","tag-amis","tag-antoine-lucas","tag-argoat","tag-armor","tag-catherine-tropres","tag-faience","tag-helene-toulhoat-piganau","tag-herve-toulhoat","tag-isabelle-assih","tag-livre","tag-lycee-brizeux","tag-mael-de-calan","tag-musee-departemental-breton","tag-panneau","tag-pierre-toulhoat","tag-quimper","tag-raymond-lopez","tag-rennes","tag-theallet","tag-thierry-godet","tag-toulhoat","tag-verlingue","tag-video"],"jetpack_publicize_connections":[],"aioseo_notices":[],"jetpack_featured_media_url":"","jetpack_sharing_enabled":true,"jetpack_shortlink":"https:\/\/wp.me\/p8tKLp-24a","_links":{"self":[{"href":"http:\/\/www.amis-musee-faience-quimper.fr\/index.php\/wp-json\/wp\/v2\/posts\/7946","targetHints":{"allow":["GET"]}}],"collection":[{"href":"http:\/\/www.amis-musee-faience-quimper.fr\/index.php\/wp-json\/wp\/v2\/posts"}],"about":[{"href":"http:\/\/www.amis-musee-faience-quimper.fr\/index.php\/wp-json\/wp\/v2\/types\/post"}],"author":[{"embeddable":true,"href":"http:\/\/www.amis-musee-faience-quimper.fr\/index.php\/wp-json\/wp\/v2\/users\/1"}],"replies":[{"embeddable":true,"href":"http:\/\/www.amis-musee-faience-quimper.fr\/index.php\/wp-json\/wp\/v2\/comments?post=7946"}],"version-history":[{"count":4,"href":"http:\/\/www.amis-musee-faience-quimper.fr\/index.php\/wp-json\/wp\/v2\/posts\/7946\/revisions"}],"predecessor-version":[{"id":7952,"href":"http:\/\/www.amis-musee-faience-quimper.fr\/index.php\/wp-json\/wp\/v2\/posts\/7946\/revisions\/7952"}],"wp:attachment":[{"href":"http:\/\/www.amis-musee-faience-quimper.fr\/index.php\/wp-json\/wp\/v2\/media?parent=7946"}],"wp:term":[{"taxonomy":"category","embeddable":true,"href":"http:\/\/www.amis-musee-faience-quimper.fr\/index.php\/wp-json\/wp\/v2\/categories?post=7946"},{"taxonomy":"post_tag","embeddable":true,"href":"http:\/\/www.amis-musee-faience-quimper.fr\/index.php\/wp-json\/wp\/v2\/tags?post=7946"}],"curies":[{"name":"wp","href":"https:\/\/api.w.org\/{rel}","templated":true}]}}