{"id":6176,"date":"2022-03-09T21:11:21","date_gmt":"2022-03-09T20:11:21","guid":{"rendered":"http:\/\/www.amis-musee-faience-quimper.fr\/?p=6176"},"modified":"2022-03-09T21:11:28","modified_gmt":"2022-03-09T20:11:28","slug":"le-peintre-voyageur-geo-fourrier-amoureux-de-la-bretagne-expose-a-paris-bretons-magazine","status":"publish","type":"post","link":"http:\/\/www.amis-musee-faience-quimper.fr\/index.php\/2022\/03\/09\/le-peintre-voyageur-geo-fourrier-amoureux-de-la-bretagne-expose-a-paris-bretons-magazine\/","title":{"rendered":"Le peintre voyageur Geo-Fourrier, amoureux de la Bretagne, expos\u00e9 \u00e0 Paris (Bretons magazine)."},"content":{"rendered":"\n<p class=\"has-text-align-justify\"><strong><em>La biblioth\u00e8que Forney \u00e0 Paris, expose \u00e0 compter du 22 mars 2022 les \u0153uvres du peintre Nicolas Georges Fourrier. Lyonnais d\u2019origine, l\u2019artiste, passionn\u00e9 par les arts japonais, s\u2019est aussi laiss\u00e9 inspir\u00e9 par la Bretagne. La d\u00e9couverte du pays Bigouden, son pays de c\u0153ur, remonte aux ann\u00e9es 1924-1926.<\/em><\/strong><\/p>\n\n\n\n<div class=\"wp-block-image\"><figure class=\"aligncenter size-full\"><img loading=\"lazy\" decoding=\"async\" width=\"940\" height=\"531\" src=\"http:\/\/www.amis-musee-faience-quimper.fr\/wp-content\/uploads\/2022\/03\/Geo_Fourrier_8.jpg\" alt=\"G\u00e9o-Fourrier - Barque de p\u00eacheur\" class=\"wp-image-6185\" srcset=\"http:\/\/www.amis-musee-faience-quimper.fr\/wp-content\/uploads\/2022\/03\/Geo_Fourrier_8.jpg 940w, http:\/\/www.amis-musee-faience-quimper.fr\/wp-content\/uploads\/2022\/03\/Geo_Fourrier_8-300x169.jpg 300w, http:\/\/www.amis-musee-faience-quimper.fr\/wp-content\/uploads\/2022\/03\/Geo_Fourrier_8-768x434.jpg 768w, http:\/\/www.amis-musee-faience-quimper.fr\/wp-content\/uploads\/2022\/03\/Geo_Fourrier_8-500x282.jpg 500w\" sizes=\"auto, (max-width: 940px) 100vw, 940px\" \/><figcaption>Barque de p\u00eacheur sur le Bosphore, 1923. (D\u00e9tail) &#8211; GEO-FOURRIER<\/figcaption><\/figure><\/div>\n\n\n\n<p class=\"has-text-align-justify\">Traits incisifs, couleurs \u00e9clatantes et r\u00e9alisme sans concession : de l\u2019Afrique \u00e9quatoriale au Maroc et \u00e0 la Bretagne, le regard d\u2019ethnographe de Geo-Fourrier, Nicolas Georges Fourrier de son vrai nom (1898-1966), saisit avec empathie les visages et les corps au travail.<\/p>\n\n\n\n<div class=\"wp-block-image\"><figure class=\"aligncenter size-full\"><img loading=\"lazy\" decoding=\"async\" width=\"630\" height=\"735\" src=\"http:\/\/www.amis-musee-faience-quimper.fr\/wp-content\/uploads\/2022\/03\/Geo_Fourrier_5.jpg\" alt=\"G\u00e9o-Fourrier - Portrait\" class=\"wp-image-6182\" srcset=\"http:\/\/www.amis-musee-faience-quimper.fr\/wp-content\/uploads\/2022\/03\/Geo_Fourrier_5.jpg 630w, http:\/\/www.amis-musee-faience-quimper.fr\/wp-content\/uploads\/2022\/03\/Geo_Fourrier_5-257x300.jpg 257w\" sizes=\"auto, (max-width: 630px) 100vw, 630px\" \/><figcaption>Portrait de Geo-Fourrier.<\/figcaption><\/figure><\/div>\n\n\n\n<p class=\"has-text-align-justify\">Influenc\u00e9 par le japonisme et les plus grands graveurs, le peintre se distingue par un art du d\u00e9tail et un sens aigu de la couleur.<\/p>\n\n\n\n<div class=\"wp-block-image\"><figure class=\"aligncenter size-full\"><img loading=\"lazy\" decoding=\"async\" width=\"630\" height=\"987\" src=\"http:\/\/www.amis-musee-faience-quimper.fr\/wp-content\/uploads\/2022\/03\/Geo_Fourrier_7.jpg\" alt=\"G\u00e9o-Fourrier - Br\u00fbleuse de go\u00e9mon\" class=\"wp-image-6184\" srcset=\"http:\/\/www.amis-musee-faience-quimper.fr\/wp-content\/uploads\/2022\/03\/Geo_Fourrier_7.jpg 630w, http:\/\/www.amis-musee-faience-quimper.fr\/wp-content\/uploads\/2022\/03\/Geo_Fourrier_7-191x300.jpg 191w\" sizes=\"auto, (max-width: 630px) 100vw, 630px\" \/><figcaption>La Br\u00fbleuse de go\u00e9mon, 1940 &#8211; GEO-FOURRIER<\/figcaption><\/figure><\/div>\n\n\n\n<p class=\"has-text-align-justify\">La Bretagne, de Pont-Aven au Pays Bigouden, en passant par le Tr\u00e9gor, est souvent convoqu\u00e9e par cet artiste-voyageur singulier.<\/p>\n\n\n\n<div class=\"wp-block-image\"><figure class=\"aligncenter size-full\"><img loading=\"lazy\" decoding=\"async\" width=\"630\" height=\"475\" src=\"http:\/\/www.amis-musee-faience-quimper.fr\/wp-content\/uploads\/2022\/03\/Geo_Fourrier_6.jpg\" alt=\"G\u00e9o-Fourrier - br\u00fbleur de go\u00e9mon\" class=\"wp-image-6183\" srcset=\"http:\/\/www.amis-musee-faience-quimper.fr\/wp-content\/uploads\/2022\/03\/Geo_Fourrier_6.jpg 630w, http:\/\/www.amis-musee-faience-quimper.fr\/wp-content\/uploads\/2022\/03\/Geo_Fourrier_6-300x226.jpg 300w, http:\/\/www.amis-musee-faience-quimper.fr\/wp-content\/uploads\/2022\/03\/Geo_Fourrier_6-398x300.jpg 398w\" sizes=\"auto, (max-width: 630px) 100vw, 630px\" \/><figcaption>Notre-Dame-de-la-Joie (le br\u00fbleur de go\u00e9mon), 1936 &#8211; GEO-FOURRIER<\/figcaption><\/figure><\/div>\n\n\n\n<div class=\"wp-block-image\"><figure class=\"aligncenter size-full\"><img loading=\"lazy\" decoding=\"async\" width=\"630\" height=\"671\" src=\"http:\/\/www.amis-musee-faience-quimper.fr\/wp-content\/uploads\/2022\/03\/Geo_Fourrier_1.jpg\" alt=\"G\u00e9o-Fourrier - Bigoud\u00e8ne et enfant\" class=\"wp-image-6178\" srcset=\"http:\/\/www.amis-musee-faience-quimper.fr\/wp-content\/uploads\/2022\/03\/Geo_Fourrier_1.jpg 630w, http:\/\/www.amis-musee-faience-quimper.fr\/wp-content\/uploads\/2022\/03\/Geo_Fourrier_1-282x300.jpg 282w\" sizes=\"auto, (max-width: 630px) 100vw, 630px\" \/><figcaption>Petit pochoir, Bigoud\u00e8ne et enfant, vers 1950 &#8211; GEO-FOURRIER<\/figcaption><\/figure><\/div>\n\n\n\n<div class=\"wp-block-image\"><figure class=\"aligncenter size-full\"><img loading=\"lazy\" decoding=\"async\" width=\"630\" height=\"695\" src=\"http:\/\/www.amis-musee-faience-quimper.fr\/wp-content\/uploads\/2022\/03\/Geo_Fourrier_3.jpg\" alt=\"G\u00e9o-Fourrier - village\" class=\"wp-image-6180\" srcset=\"http:\/\/www.amis-musee-faience-quimper.fr\/wp-content\/uploads\/2022\/03\/Geo_Fourrier_3.jpg 630w, http:\/\/www.amis-musee-faience-quimper.fr\/wp-content\/uploads\/2022\/03\/Geo_Fourrier_3-272x300.jpg 272w\" sizes=\"auto, (max-width: 630px) 100vw, 630px\" \/><figcaption>Petit pochoir, village, vers 1950 &#8211; GEO-FOURRIER<\/figcaption><\/figure><\/div>\n\n\n\n<p class=\"has-text-align-justify\">Il choisit de s\u2019y installer \u00e0 partir de 1928, sans cesser pour autant d\u2019arpenter le continent africain et les r\u00e9gions fran\u00e7aises, faisant conna\u00eetre son talent jusqu\u2019aux \u00c9tats-Unis.<\/p>\n\n\n\n<div class=\"wp-block-image\"><figure class=\"aligncenter size-full\"><img loading=\"lazy\" decoding=\"async\" width=\"630\" height=\"463\" src=\"http:\/\/www.amis-musee-faience-quimper.fr\/wp-content\/uploads\/2022\/03\/Geo_Fourrier_4.jpg\" alt=\"G\u00e9o-Fourrier - Fort Archambault\" class=\"wp-image-6181\" srcset=\"http:\/\/www.amis-musee-faience-quimper.fr\/wp-content\/uploads\/2022\/03\/Geo_Fourrier_4.jpg 630w, http:\/\/www.amis-musee-faience-quimper.fr\/wp-content\/uploads\/2022\/03\/Geo_Fourrier_4-300x220.jpg 300w, http:\/\/www.amis-musee-faience-quimper.fr\/wp-content\/uploads\/2022\/03\/Geo_Fourrier_4-408x300.jpg 408w\" sizes=\"auto, (max-width: 630px) 100vw, 630px\" \/><figcaption>Fort Archambault, 1943 &#8211; GEO-FOURRIER<\/figcaption><\/figure><\/div>\n\n\n\n<div class=\"wp-block-image\"><figure class=\"aligncenter size-full\"><img loading=\"lazy\" decoding=\"async\" width=\"630\" height=\"800\" src=\"http:\/\/www.amis-musee-faience-quimper.fr\/wp-content\/uploads\/2022\/03\/Geo_Fourrier_2.jpg\" alt=\"G\u00e9o-Fourrier - Marchand\" class=\"wp-image-6179\" srcset=\"http:\/\/www.amis-musee-faience-quimper.fr\/wp-content\/uploads\/2022\/03\/Geo_Fourrier_2.jpg 630w, http:\/\/www.amis-musee-faience-quimper.fr\/wp-content\/uploads\/2022\/03\/Geo_Fourrier_2-236x300.jpg 236w\" sizes=\"auto, (max-width: 630px) 100vw, 630px\" \/><figcaption>Marchand, homme en blanc et bleu, 1930 &#8211; GEO-FOURRIER\n<\/figcaption><\/figure><\/div>\n\n\n\n<p class=\"has-text-align-justify\">\u00c0 la fin de sa vie, les choses se compliquent et Geo-Fourrier doit vendre ses \u0153uvres au pied du phare d\u2019Eckm\u00fchl pour pouvoir vivre de son art. De sant\u00e9 fragile, il d\u00e9c\u00e8de \u00e0 Quimper \u00e0 l\u2019\u00e2ge de 68 ans.<\/p>\n\n\n\n<h2 class=\"has-text-align-left wp-block-heading\">Une exposition la biblioth\u00e8que Forney \u00e0 Paris<\/h2>\n\n\n\n<p class=\"has-text-align-justify\">200 dessins, gravures, pochoirs, cartes postales, c\u00e9ramiques, photographies et correspondances sont \u00e0 d\u00e9couvrir au fil de l\u2019exposition \u00ab Geo-Fourrier, voyageur et ma\u00eetre des arts d\u00e9coratifs \u00bb \u00e0 la biblioth\u00e8que Forney \u00e0 Paris, du 22 mars.<\/p>\n\n\n\n<p class=\"has-text-align-justify\">\u00ab Geo-Fourrier, voyageur et ma\u00eetre des arts d\u00e9coratifs \u00bb \u00e0 la biblioth\u00e8que Forney \u00e0 Paris, du 22 mars au 16 juillet 2022.<\/p>\n\n\n\n<p class=\"has-small-font-size\"><em>Publi\u00e9 le 9 mars 2022 &#8211; Ouest-France Bretons magazine \u00a9<\/em><\/p>\n","protected":false},"excerpt":{"rendered":"<p>La biblioth\u00e8que Forney \u00e0 Paris, expose \u00e0 compter du 22 mars 2022 les \u0153uvres du peintre Nicolas Georges Fourrier. Lyonnais d\u2019origine, l\u2019artiste, passionn\u00e9 par les arts japonais, s\u2019est aussi laiss\u00e9 inspir\u00e9 par la Bretagne. La d\u00e9couverte du pays Bigouden, son &hellip; <a href=\"http:\/\/www.amis-musee-faience-quimper.fr\/index.php\/2022\/03\/09\/le-peintre-voyageur-geo-fourrier-amoureux-de-la-bretagne-expose-a-paris-bretons-magazine\/\">Continuer la lecture <span class=\"meta-nav\">&rarr;<\/span><\/a><\/p>\n","protected":false},"author":1,"featured_media":0,"comment_status":"open","ping_status":"open","sticky":false,"template":"","format":"standard","meta":{"_monsterinsights_skip_tracking":false,"_monsterinsights_sitenote_active":false,"_monsterinsights_sitenote_note":"","_monsterinsights_sitenote_category":0,"jetpack_post_was_ever_published":false,"_jetpack_newsletter_access":"","_jetpack_dont_email_post_to_subs":false,"_jetpack_newsletter_tier_id":0,"_jetpack_memberships_contains_paywalled_content":false,"_jetpack_memberships_contains_paid_content":false,"footnotes":"","jetpack_publicize_message":"","jetpack_publicize_feature_enabled":true,"jetpack_social_post_already_shared":true,"jetpack_social_options":{"image_generator_settings":{"template":"highway","enabled":false}}},"categories":[17],"tags":[700,606,179,491,1179,345],"class_list":["post-6176","post","type-post","status-publish","format-standard","hentry","category-actualites","tag-700","tag-bibliotheque-forney","tag-bretagne","tag-bretons-magazine","tag-geo-fourrier","tag-ouest-france"],"jetpack_publicize_connections":[],"aioseo_notices":[],"jetpack_featured_media_url":"","jetpack_sharing_enabled":true,"jetpack_shortlink":"https:\/\/wp.me\/p8tKLp-1BC","_links":{"self":[{"href":"http:\/\/www.amis-musee-faience-quimper.fr\/index.php\/wp-json\/wp\/v2\/posts\/6176","targetHints":{"allow":["GET"]}}],"collection":[{"href":"http:\/\/www.amis-musee-faience-quimper.fr\/index.php\/wp-json\/wp\/v2\/posts"}],"about":[{"href":"http:\/\/www.amis-musee-faience-quimper.fr\/index.php\/wp-json\/wp\/v2\/types\/post"}],"author":[{"embeddable":true,"href":"http:\/\/www.amis-musee-faience-quimper.fr\/index.php\/wp-json\/wp\/v2\/users\/1"}],"replies":[{"embeddable":true,"href":"http:\/\/www.amis-musee-faience-quimper.fr\/index.php\/wp-json\/wp\/v2\/comments?post=6176"}],"version-history":[{"count":3,"href":"http:\/\/www.amis-musee-faience-quimper.fr\/index.php\/wp-json\/wp\/v2\/posts\/6176\/revisions"}],"predecessor-version":[{"id":6187,"href":"http:\/\/www.amis-musee-faience-quimper.fr\/index.php\/wp-json\/wp\/v2\/posts\/6176\/revisions\/6187"}],"wp:attachment":[{"href":"http:\/\/www.amis-musee-faience-quimper.fr\/index.php\/wp-json\/wp\/v2\/media?parent=6176"}],"wp:term":[{"taxonomy":"category","embeddable":true,"href":"http:\/\/www.amis-musee-faience-quimper.fr\/index.php\/wp-json\/wp\/v2\/categories?post=6176"},{"taxonomy":"post_tag","embeddable":true,"href":"http:\/\/www.amis-musee-faience-quimper.fr\/index.php\/wp-json\/wp\/v2\/tags?post=6176"}],"curies":[{"name":"wp","href":"https:\/\/api.w.org\/{rel}","templated":true}]}}