{"id":564,"date":"2016-01-01T00:00:21","date_gmt":"2015-12-31T23:00:21","guid":{"rendered":"http:\/\/www.amis-musee-faience-quimper.fr\/?p=564"},"modified":"2020-03-20T18:53:54","modified_gmt":"2020-03-20T17:53:54","slug":"quimper-trois-siecles-de-faience-tebeo-tebesud-et-tvrennes","status":"publish","type":"post","link":"http:\/\/www.amis-musee-faience-quimper.fr\/index.php\/2016\/01\/01\/quimper-trois-siecles-de-faience-tebeo-tebesud-et-tvrennes\/","title":{"rendered":"Quimper, trois si\u00e8cles de fa\u00efences (T\u00e9b\u00e9o, T\u00e9b\u00e9sud et TVRennes)"},"content":{"rendered":"<h1 style=\"text-align: center;\"><strong>documentaire de 2014 d&rsquo;Andr\u00e9 Espern \u00ab Quimper, trois si\u00e8cles de fa\u00efences \u00bb.<\/strong><\/h1>\n<p style=\"text-align: center;\"><iframe loading=\"lazy\" src=\"https:\/\/www.youtube.com\/embed\/JWYytvQpwWs\" width=\"640\" height=\"320\" frameborder=\"0\" allowfullscreen=\"allowfullscreen\"><\/iframe><\/p>\n<p><span style=\"color: #000000;\">Depuis plus de trois si\u00e8cles, la production de la Fa\u00efence au quartier de Locmaria a fait conna\u00eetre aux quatre coins du monde le nom de la Bretagne et de Quimper. <\/span><br \/>\n<span style=\"color: #000000;\">Au travers d\u2019interviews et de t\u00e9moignages ce documentaire nous permet de d\u00e9couvrir et d\u2019admirer, \u00e0 l\u2019aube d\u2019un tiers de mill\u00e9naire, la Fa\u00efence de Quimper.<\/span><\/p>\n<p style=\"text-align: center;\"><span style=\"color: #000000;\"><em>Documentaire 52 min.<\/em><\/span><\/p>\n","protected":false},"excerpt":{"rendered":"<p>documentaire de 2014 d&rsquo;Andr\u00e9 Espern \u00ab Quimper, trois si\u00e8cles de fa\u00efences \u00bb. Depuis plus de trois si\u00e8cles, la production de la Fa\u00efence au quartier de Locmaria a fait conna\u00eetre aux quatre coins du monde le nom de la Bretagne et &hellip; <a href=\"http:\/\/www.amis-musee-faience-quimper.fr\/index.php\/2016\/01\/01\/quimper-trois-siecles-de-faience-tebeo-tebesud-et-tvrennes\/\">Continuer la lecture <span class=\"meta-nav\">&rarr;<\/span><\/a><\/p>\n","protected":false},"author":1,"featured_media":0,"comment_status":"open","ping_status":"open","sticky":false,"template":"","format":"standard","meta":{"_monsterinsights_skip_tracking":false,"_monsterinsights_sitenote_active":false,"_monsterinsights_sitenote_note":"","_monsterinsights_sitenote_category":0,"jetpack_post_was_ever_published":false,"_jetpack_newsletter_access":"","_jetpack_dont_email_post_to_subs":false,"_jetpack_newsletter_tier_id":0,"_jetpack_memberships_contains_paywalled_content":false,"_jetpack_memberships_contains_paid_content":false,"footnotes":"","jetpack_publicize_message":"","jetpack_publicize_feature_enabled":true,"jetpack_social_post_already_shared":false,"jetpack_social_options":{"image_generator_settings":{"template":"highway","enabled":false}}},"categories":[17],"tags":[255,318,7,12,23,28,319,38,320,25],"class_list":["post-564","post","type-post","status-publish","format-standard","hentry","category-actualites","tag-255","tag-andre-espern","tag-faience","tag-musee","tag-quimper","tag-tebeo","tag-tebesud","tag-tricentenaire","tag-tvrennes","tag-video"],"jetpack_publicize_connections":[],"aioseo_notices":[],"jetpack_featured_media_url":"","jetpack_sharing_enabled":true,"jetpack_shortlink":"https:\/\/wp.me\/p8tKLp-96","_links":{"self":[{"href":"http:\/\/www.amis-musee-faience-quimper.fr\/index.php\/wp-json\/wp\/v2\/posts\/564","targetHints":{"allow":["GET"]}}],"collection":[{"href":"http:\/\/www.amis-musee-faience-quimper.fr\/index.php\/wp-json\/wp\/v2\/posts"}],"about":[{"href":"http:\/\/www.amis-musee-faience-quimper.fr\/index.php\/wp-json\/wp\/v2\/types\/post"}],"author":[{"embeddable":true,"href":"http:\/\/www.amis-musee-faience-quimper.fr\/index.php\/wp-json\/wp\/v2\/users\/1"}],"replies":[{"embeddable":true,"href":"http:\/\/www.amis-musee-faience-quimper.fr\/index.php\/wp-json\/wp\/v2\/comments?post=564"}],"version-history":[{"count":7,"href":"http:\/\/www.amis-musee-faience-quimper.fr\/index.php\/wp-json\/wp\/v2\/posts\/564\/revisions"}],"predecessor-version":[{"id":7346,"href":"http:\/\/www.amis-musee-faience-quimper.fr\/index.php\/wp-json\/wp\/v2\/posts\/564\/revisions\/7346"}],"wp:attachment":[{"href":"http:\/\/www.amis-musee-faience-quimper.fr\/index.php\/wp-json\/wp\/v2\/media?parent=564"}],"wp:term":[{"taxonomy":"category","embeddable":true,"href":"http:\/\/www.amis-musee-faience-quimper.fr\/index.php\/wp-json\/wp\/v2\/categories?post=564"},{"taxonomy":"post_tag","embeddable":true,"href":"http:\/\/www.amis-musee-faience-quimper.fr\/index.php\/wp-json\/wp\/v2\/tags?post=564"}],"curies":[{"name":"wp","href":"https:\/\/api.w.org\/{rel}","templated":true}]}}