{"id":5569,"date":"2021-08-13T15:05:51","date_gmt":"2021-08-13T13:05:51","guid":{"rendered":"http:\/\/www.amis-musee-faience-quimper.fr\/?p=5569"},"modified":"2021-08-13T15:05:55","modified_gmt":"2021-08-13T13:05:55","slug":"robert-micheau-vernez-alchimiste-de-la-couleur-france-3-bretagne","status":"publish","type":"post","link":"http:\/\/www.amis-musee-faience-quimper.fr\/index.php\/2021\/08\/13\/robert-micheau-vernez-alchimiste-de-la-couleur-france-3-bretagne\/","title":{"rendered":"Robert Micheau-Vernez &#8211; Alchimiste de la couleur (France 3 Bretagne)."},"content":{"rendered":"\n<p class=\"has-text-align-justify\"><strong><em>Nous vous proposons de revoir le petit reportage sur l&rsquo;exposition \u00ab\u00a0Robert Micheau-Vernez &#8211; Alchimiste de la couleur\u00a0\u00bb, qui se tient \u00e0 Larmor-Plage jusqu&rsquo;au dimanche 29 ao\u00fbt 2021.<\/em><\/strong><\/p>\n\n\n\n<iframe loading=\"lazy\" src=\"https:\/\/www.youtube.com\/embed\/OQZnrYuM8P0\" title=\"YouTube video player\" allow=\"accelerometer; autoplay; clipboard-write; encrypted-media; gyroscope; picture-in-picture\" allowfullscreen=\"\" width=\"640\" height=\"320\" frameborder=\"0\"><\/iframe>\n\n\n\n<p class=\"has-small-font-size\"><em>Publi\u00e9 le 12 ao\u00fbt 2021 &#8211; France 3 Bretagne \u00a9<\/em> <\/p>\n","protected":false},"excerpt":{"rendered":"<p>Nous vous proposons de revoir le petit reportage sur l&rsquo;exposition \u00ab\u00a0Robert Micheau-Vernez &#8211; Alchimiste de la couleur\u00a0\u00bb, qui se tient \u00e0 Larmor-Plage jusqu&rsquo;au dimanche 29 ao\u00fbt 2021. Publi\u00e9 le 12 ao\u00fbt 2021 &#8211; France 3 Bretagne \u00a9<\/p>\n","protected":false},"author":1,"featured_media":0,"comment_status":"open","ping_status":"open","sticky":false,"template":"","format":"standard","meta":{"_monsterinsights_skip_tracking":false,"_monsterinsights_sitenote_active":false,"_monsterinsights_sitenote_note":"","_monsterinsights_sitenote_category":0,"jetpack_post_was_ever_published":false,"_jetpack_newsletter_access":"","_jetpack_dont_email_post_to_subs":false,"_jetpack_newsletter_tier_id":0,"_jetpack_memberships_contains_paywalled_content":false,"_jetpack_memberships_contains_paid_content":false,"footnotes":"","jetpack_publicize_message":"","jetpack_publicize_feature_enabled":true,"jetpack_social_post_already_shared":true,"jetpack_social_options":{"image_generator_settings":{"template":"highway","enabled":false}}},"categories":[17],"tags":[758,7,439,22,301,23,25],"class_list":["post-5569","post","type-post","status-publish","format-standard","hentry","category-actualites","tag-758","tag-faience","tag-france-3-bretagne","tag-micheau-vernez","tag-peintre","tag-quimper","tag-video"],"jetpack_publicize_connections":[],"aioseo_notices":[],"jetpack_featured_media_url":"","jetpack_sharing_enabled":true,"jetpack_shortlink":"https:\/\/wp.me\/p8tKLp-1rP","_links":{"self":[{"href":"http:\/\/www.amis-musee-faience-quimper.fr\/index.php\/wp-json\/wp\/v2\/posts\/5569","targetHints":{"allow":["GET"]}}],"collection":[{"href":"http:\/\/www.amis-musee-faience-quimper.fr\/index.php\/wp-json\/wp\/v2\/posts"}],"about":[{"href":"http:\/\/www.amis-musee-faience-quimper.fr\/index.php\/wp-json\/wp\/v2\/types\/post"}],"author":[{"embeddable":true,"href":"http:\/\/www.amis-musee-faience-quimper.fr\/index.php\/wp-json\/wp\/v2\/users\/1"}],"replies":[{"embeddable":true,"href":"http:\/\/www.amis-musee-faience-quimper.fr\/index.php\/wp-json\/wp\/v2\/comments?post=5569"}],"version-history":[{"count":3,"href":"http:\/\/www.amis-musee-faience-quimper.fr\/index.php\/wp-json\/wp\/v2\/posts\/5569\/revisions"}],"predecessor-version":[{"id":5572,"href":"http:\/\/www.amis-musee-faience-quimper.fr\/index.php\/wp-json\/wp\/v2\/posts\/5569\/revisions\/5572"}],"wp:attachment":[{"href":"http:\/\/www.amis-musee-faience-quimper.fr\/index.php\/wp-json\/wp\/v2\/media?parent=5569"}],"wp:term":[{"taxonomy":"category","embeddable":true,"href":"http:\/\/www.amis-musee-faience-quimper.fr\/index.php\/wp-json\/wp\/v2\/categories?post=5569"},{"taxonomy":"post_tag","embeddable":true,"href":"http:\/\/www.amis-musee-faience-quimper.fr\/index.php\/wp-json\/wp\/v2\/tags?post=5569"}],"curies":[{"name":"wp","href":"https:\/\/api.w.org\/{rel}","templated":true}]}}