{"id":5382,"date":"2021-07-07T18:08:14","date_gmt":"2021-07-07T16:08:14","guid":{"rendered":"http:\/\/www.amis-musee-faience-quimper.fr\/?p=5382"},"modified":"2021-07-07T18:08:20","modified_gmt":"2021-07-07T16:08:20","slug":"vente-lame-bretonne-xviii-le-18-juillet-2021-quimper","status":"publish","type":"post","link":"http:\/\/www.amis-musee-faience-quimper.fr\/index.php\/2021\/07\/07\/vente-lame-bretonne-xviii-le-18-juillet-2021-quimper\/","title":{"rendered":"Vente \u00ab L\u2019\u00e2me bretonne XVIII \u00bb le 18 juillet 2021 \u2013 Quimper."},"content":{"rendered":"\n<p class=\"has-text-align-justify\">La 18\u00e8me \u00e9dition de la vente \u00ab\u00a0l&rsquo;\u00e2me bretonne\u00a0\u00bb se d\u00e9roulera le dimanche 18 juillet 2021 \u00e0 14 h.<\/p>\n\n\n\n<div class=\"wp-block-image\"><figure class=\"aligncenter size-large is-resized\"><img loading=\"lazy\" decoding=\"async\" src=\"http:\/\/www.amis-musee-faience-quimper.fr\/wp-content\/uploads\/2021\/07\/Alfred_BEAU.jpg\" alt=\"Alfred BEAU\" class=\"wp-image-5384\" width=\"491\" height=\"450\" srcset=\"http:\/\/www.amis-musee-faience-quimper.fr\/wp-content\/uploads\/2021\/07\/Alfred_BEAU.jpg 981w, http:\/\/www.amis-musee-faience-quimper.fr\/wp-content\/uploads\/2021\/07\/Alfred_BEAU-300x275.jpg 300w, http:\/\/www.amis-musee-faience-quimper.fr\/wp-content\/uploads\/2021\/07\/Alfred_BEAU-768x705.jpg 768w, http:\/\/www.amis-musee-faience-quimper.fr\/wp-content\/uploads\/2021\/07\/Alfred_BEAU-327x300.jpg 327w\" sizes=\"auto, (max-width: 491px) 100vw, 491px\" \/><figcaption>Alfred BEAU (1829-1907) &#8211; Coupe en fa\u00efence polychrome, marque PB en bleu au dos. Manufacture PORQUIER-BEAU, vers 1880. Diam : 21,3 cm.<\/figcaption><\/figure><\/div>\n\n\n\n<p class=\"has-text-align-justify\">Petite nouveaut\u00e9 cette ann\u00e9e, la vacation se tiendra \u00e0 l&rsquo;h\u00f4tel des ventes de Quimper, tout r\u00e9cemment install\u00e9 \u00e0 l&rsquo;ouest de Quimper, au 105 avenue de Kerrien.<\/p>\n\n\n\n<p class=\"has-text-align-justify\">Depuis quelques ann\u00e9es la vente est organis\u00e9e conjointement par Me Yves Cosqu\u00e9ric (\u00e9tude Adjug&rsquo;art de Brest) et Me Tiphaine Le Grignou (commissaire priseur \u00e0 Quimper).<\/p>\n\n\n\n<div class=\"wp-block-image\"><figure class=\"aligncenter size-large is-resized\"><img loading=\"lazy\" decoding=\"async\" src=\"http:\/\/www.amis-musee-faience-quimper.fr\/wp-content\/uploads\/2021\/07\/Louis_GARIN.jpg\" alt=\"Louis GARIN\" class=\"wp-image-5386\" width=\"526\" height=\"675\" srcset=\"http:\/\/www.amis-musee-faience-quimper.fr\/wp-content\/uploads\/2021\/07\/Louis_GARIN.jpg 701w, http:\/\/www.amis-musee-faience-quimper.fr\/wp-content\/uploads\/2021\/07\/Louis_GARIN-234x300.jpg 234w\" sizes=\"auto, (max-width: 526px) 100vw, 526px\" \/><figcaption>Louis GARIN (1888-1959) &#8211; Vase en gr\u00e8s \u00e9maill\u00e9 polychrome (Odetta), Manufacture HB Grande Maison, vers 1930. Haut. 34 cm. <\/figcaption><\/figure><\/div>\n\n\n\n<p class=\"has-text-align-justify\">La fa\u00efence de Quimper tient une place centrale dans le catalogue, avec 160 lots propos\u00e9s.<\/p>\n\n\n\n<div class=\"wp-block-image\"><figure class=\"aligncenter size-large\"><img loading=\"lazy\" decoding=\"async\" width=\"1024\" height=\"452\" src=\"http:\/\/www.amis-musee-faience-quimper.fr\/wp-content\/uploads\/2021\/07\/Robert_MICHEAU-1024x452.jpg\" alt=\"Robert MICHEAU\" class=\"wp-image-5387\" srcset=\"http:\/\/www.amis-musee-faience-quimper.fr\/wp-content\/uploads\/2021\/07\/Robert_MICHEAU-1024x452.jpg 1024w, http:\/\/www.amis-musee-faience-quimper.fr\/wp-content\/uploads\/2021\/07\/Robert_MICHEAU-300x132.jpg 300w, http:\/\/www.amis-musee-faience-quimper.fr\/wp-content\/uploads\/2021\/07\/Robert_MICHEAU-768x339.jpg 768w, http:\/\/www.amis-musee-faience-quimper.fr\/wp-content\/uploads\/2021\/07\/Robert_MICHEAU-1536x678.jpg 1536w, http:\/\/www.amis-musee-faience-quimper.fr\/wp-content\/uploads\/2021\/07\/Robert_MICHEAU-500x221.jpg 500w, http:\/\/www.amis-musee-faience-quimper.fr\/wp-content\/uploads\/2021\/07\/Robert_MICHEAU.jpg 1600w\" sizes=\"auto, (max-width: 1024px) 100vw, 1024px\" \/><figcaption>Robert MICHEAU (1907-1989) &#8211; Trois assiettes d\u00e9cor\u00e9es de portraits d&rsquo;enfants, Manufacture HENRIOT, vers 1930. Diam : 24,5 cm.<\/figcaption><\/figure><\/div>\n\n\n\n<p class=\"has-text-align-justify\">Comme chaque ann\u00e9e, on retrouve des objets d&rsquo;art populaire, du mobilier, des costumes bretons et des peintures bretonnes.<\/p>\n\n\n\n<div class=\"wp-block-image\"><figure class=\"aligncenter size-large\"><img loading=\"lazy\" decoding=\"async\" width=\"1024\" height=\"421\" src=\"http:\/\/www.amis-musee-faience-quimper.fr\/wp-content\/uploads\/2021\/07\/Jim_SEVELLEC-1024x421.jpg\" alt=\"Jim S\u00c9VELLEC\" class=\"wp-image-5385\" srcset=\"http:\/\/www.amis-musee-faience-quimper.fr\/wp-content\/uploads\/2021\/07\/Jim_SEVELLEC-1024x421.jpg 1024w, http:\/\/www.amis-musee-faience-quimper.fr\/wp-content\/uploads\/2021\/07\/Jim_SEVELLEC-300x123.jpg 300w, http:\/\/www.amis-musee-faience-quimper.fr\/wp-content\/uploads\/2021\/07\/Jim_SEVELLEC-768x316.jpg 768w, http:\/\/www.amis-musee-faience-quimper.fr\/wp-content\/uploads\/2021\/07\/Jim_SEVELLEC-1536x632.jpg 1536w, http:\/\/www.amis-musee-faience-quimper.fr\/wp-content\/uploads\/2021\/07\/Jim_SEVELLEC-500x206.jpg 500w, http:\/\/www.amis-musee-faience-quimper.fr\/wp-content\/uploads\/2021\/07\/Jim_SEVELLEC.jpg 1600w\" sizes=\"auto, (max-width: 1024px) 100vw, 1024px\" \/><figcaption>Jim S\u00c9VELLEC (1897-1971) &#8211; Service de table de 39 pi\u00e8ces (Armor-Argoat), Manufacture HENRIOT, vers 1930.<\/figcaption><\/figure><\/div>\n\n\n\n<p class=\"has-text-align-center\"><strong>Adjug\u2019art \u2013 Ma\u00eetre Yves Cosqu\u00e9ric \u2013 Brest, en collaboration avec l\u2019h\u00f4tel des ventes de Quimper.<br>Dimanche 18 juillet 2021 \u00e0 14 h \u2013 Fa\u00efence de Quimper (160 lots) &#8211; expert : Didier Gouin.<\/strong><\/p>\n\n\n\n<div class=\"wp-block-image\"><figure class=\"aligncenter size-large is-resized\"><a href=\"http:\/\/www.amis-musee-faience-quimper.fr\/wp-content\/uploads\/2021\/07\/Adjugart_L_Ame_Bretonne_18_2021.pdf\" target=\"_blank\" rel=\"noopener\"><img loading=\"lazy\" decoding=\"async\" src=\"http:\/\/www.amis-musee-faience-quimper.fr\/wp-content\/uploads\/2021\/07\/Couverture_catalogue_l_Ame_Bretonne_18_2021.jpg\" alt=\"L'\u00c2me Bretonne XVIII\" class=\"wp-image-5393\" width=\"447\" height=\"596\" srcset=\"http:\/\/www.amis-musee-faience-quimper.fr\/wp-content\/uploads\/2021\/07\/Couverture_catalogue_l_Ame_Bretonne_18_2021.jpg 596w, http:\/\/www.amis-musee-faience-quimper.fr\/wp-content\/uploads\/2021\/07\/Couverture_catalogue_l_Ame_Bretonne_18_2021-225x300.jpg 225w\" sizes=\"auto, (max-width: 447px) 100vw, 447px\" \/><\/a><\/figure><\/div>\n\n\n\n<p class=\"has-text-align-center\"><strong><a href=\"http:\/\/www.amis-musee-faience-quimper.fr\/wp-content\/uploads\/2021\/07\/Adjugart_L_Ame_Bretonne_18_2021.pdf\" target=\"_blank\" rel=\"noreferrer noopener\">Vous pouvez t\u00e9l\u00e9charger le catalogue de la vente sur notre site internet.<\/a><\/strong><\/p>\n\n\n\n<p class=\"has-small-font-size\"><em>Adjug\u2019art &amp; H\u00f4tel des ventes de Quimper \u00a9 \u2013 2021.<\/em><\/p>\n","protected":false},"excerpt":{"rendered":"<p>La 18\u00e8me \u00e9dition de la vente \u00ab\u00a0l&rsquo;\u00e2me bretonne\u00a0\u00bb se d\u00e9roulera le dimanche 18 juillet 2021 \u00e0 14 h. Petite nouveaut\u00e9 cette ann\u00e9e, la vacation se tiendra \u00e0 l&rsquo;h\u00f4tel des ventes de Quimper, tout r\u00e9cemment install\u00e9 \u00e0 l&rsquo;ouest de Quimper, au &hellip; <a href=\"http:\/\/www.amis-musee-faience-quimper.fr\/index.php\/2021\/07\/07\/vente-lame-bretonne-xviii-le-18-juillet-2021-quimper\/\">Continuer la lecture <span class=\"meta-nav\">&rarr;<\/span><\/a><\/p>\n","protected":false},"author":1,"featured_media":0,"comment_status":"open","ping_status":"open","sticky":false,"template":"","format":"standard","meta":{"_monsterinsights_skip_tracking":false,"_monsterinsights_sitenote_active":false,"_monsterinsights_sitenote_note":"","_monsterinsights_sitenote_category":0,"jetpack_post_was_ever_published":false,"_jetpack_newsletter_access":"","_jetpack_dont_email_post_to_subs":false,"_jetpack_newsletter_tier_id":0,"_jetpack_memberships_contains_paywalled_content":false,"_jetpack_memberships_contains_paid_content":false,"footnotes":"","jetpack_publicize_message":"","jetpack_publicize_feature_enabled":true,"jetpack_social_post_already_shared":true,"jetpack_social_options":{"image_generator_settings":{"template":"highway","enabled":false}}},"categories":[17],"tags":[758,352,54,102,861,7,944,354,1193,22,562,23,177,955,221,353],"class_list":["post-5382","post","type-post","status-publish","format-standard","hentry","category-actualites","tag-758","tag-adjugart","tag-alfred-beau","tag-catalogue","tag-didier-gouin","tag-faience","tag-hotel-des-ventes-de-quimper","tag-lame-bretonne","tag-louis-garin","tag-micheau-vernez","tag-pdf","tag-quimper","tag-sevellec","tag-tiphaine-le-grignou","tag-vente","tag-yves-cosqueric"],"jetpack_publicize_connections":[],"aioseo_notices":[],"jetpack_featured_media_url":"","jetpack_sharing_enabled":true,"jetpack_shortlink":"https:\/\/wp.me\/p8tKLp-1oO","_links":{"self":[{"href":"http:\/\/www.amis-musee-faience-quimper.fr\/index.php\/wp-json\/wp\/v2\/posts\/5382","targetHints":{"allow":["GET"]}}],"collection":[{"href":"http:\/\/www.amis-musee-faience-quimper.fr\/index.php\/wp-json\/wp\/v2\/posts"}],"about":[{"href":"http:\/\/www.amis-musee-faience-quimper.fr\/index.php\/wp-json\/wp\/v2\/types\/post"}],"author":[{"embeddable":true,"href":"http:\/\/www.amis-musee-faience-quimper.fr\/index.php\/wp-json\/wp\/v2\/users\/1"}],"replies":[{"embeddable":true,"href":"http:\/\/www.amis-musee-faience-quimper.fr\/index.php\/wp-json\/wp\/v2\/comments?post=5382"}],"version-history":[{"count":6,"href":"http:\/\/www.amis-musee-faience-quimper.fr\/index.php\/wp-json\/wp\/v2\/posts\/5382\/revisions"}],"predecessor-version":[{"id":5395,"href":"http:\/\/www.amis-musee-faience-quimper.fr\/index.php\/wp-json\/wp\/v2\/posts\/5382\/revisions\/5395"}],"wp:attachment":[{"href":"http:\/\/www.amis-musee-faience-quimper.fr\/index.php\/wp-json\/wp\/v2\/media?parent=5382"}],"wp:term":[{"taxonomy":"category","embeddable":true,"href":"http:\/\/www.amis-musee-faience-quimper.fr\/index.php\/wp-json\/wp\/v2\/categories?post=5382"},{"taxonomy":"post_tag","embeddable":true,"href":"http:\/\/www.amis-musee-faience-quimper.fr\/index.php\/wp-json\/wp\/v2\/tags?post=5382"}],"curies":[{"name":"wp","href":"https:\/\/api.w.org\/{rel}","templated":true}]}}