{"id":5336,"date":"2021-06-22T19:15:58","date_gmt":"2021-06-22T17:15:58","guid":{"rendered":"http:\/\/www.amis-musee-faience-quimper.fr\/?p=5336"},"modified":"2021-06-22T19:16:14","modified_gmt":"2021-06-22T17:16:14","slug":"un-alchimiste-de-la-couleur-a-lhonneur-cet-ete-a-plounerin-ouest-france","status":"publish","type":"post","link":"http:\/\/www.amis-musee-faience-quimper.fr\/index.php\/2021\/06\/22\/un-alchimiste-de-la-couleur-a-lhonneur-cet-ete-a-plounerin-ouest-france\/","title":{"rendered":"Un alchimiste de la couleur \u00e0 l\u2019honneur cet \u00e9t\u00e9 \u00e0 Ploun\u00e9rin (Ouest-France)."},"content":{"rendered":"\n<p class=\"has-text-align-justify\">\u200b<strong><em>\u00c0 la crois\u00e9e des arts, du patrimoine et de la nature, le L\u00e9guer en f\u00eate mettra en lumi\u00e8re l\u2019art sacr\u00e9 et religieux de Robert Micheau-Vernez \u00e0 Ploun\u00e9rin (C\u00f4tes-d\u2019Armor).<\/em><\/strong><\/p>\n\n\n\n<div class=\"wp-block-image\"><figure class=\"aligncenter size-large\"><img loading=\"lazy\" decoding=\"async\" width=\"1024\" height=\"682\" src=\"http:\/\/www.amis-musee-faience-quimper.fr\/wp-content\/uploads\/2021\/06\/Mikael_Micheau_Vernez-1024x682.jpg\" alt=\"Mika\u00ebl Micheau-Vernez\" class=\"wp-image-5337\" srcset=\"http:\/\/www.amis-musee-faience-quimper.fr\/wp-content\/uploads\/2021\/06\/Mikael_Micheau_Vernez-1024x682.jpg 1024w, http:\/\/www.amis-musee-faience-quimper.fr\/wp-content\/uploads\/2021\/06\/Mikael_Micheau_Vernez-300x200.jpg 300w, http:\/\/www.amis-musee-faience-quimper.fr\/wp-content\/uploads\/2021\/06\/Mikael_Micheau_Vernez-768x512.jpg 768w, http:\/\/www.amis-musee-faience-quimper.fr\/wp-content\/uploads\/2021\/06\/Mikael_Micheau_Vernez-450x300.jpg 450w, http:\/\/www.amis-musee-faience-quimper.fr\/wp-content\/uploads\/2021\/06\/Mikael_Micheau_Vernez.jpg 1280w\" sizes=\"auto, (max-width: 1024px) 100vw, 1024px\" \/><figcaption>\u00ab Toute ma jeunesse, j\u2019ai vu mon p\u00e8re cr\u00e9er sous mes yeux \u00bb, t\u00e9moigne le fils de Robert Micheau-Vernez, \u00e9mu et d\u00e9sireux de partager avec le public le talent de son p\u00e8re dont des \u0153uvres seront expos\u00e9es \u00e0 Ploun\u00e9rin cet \u00e9t\u00e9.<\/figcaption><\/figure><\/div>\n\n\n\n<p class=\"has-text-align-justify\">Dans le programme pl\u00e9thorique des animations marquant la 25e \u00e9dition de la F\u00eate du L\u00e9guer, cet \u00e9t\u00e9, il en est une qui m\u00e9ritera une \u00e9tape \u00e0 Ploun\u00e9rin (C\u00f4tes-d\u2019Armor). La commune profitera en effet de l\u2019\u00e9v\u00e9nement pour mettre \u00e0 l\u2019honneur l\u2019\u0153uvre de Robert Micheau-Vernez.<\/p>\n\n\n\n<h2 class=\"wp-block-heading\">\u00ab Alchimiste de la couleur \u00bb<\/h2>\n\n\n\n<p class=\"has-text-align-justify\">Les toiles, dessins, illustrations et ic\u00f4nes de ce peintre y seront expos\u00e9s du 14 juillet au 15 ao\u00fbt 2021 et permettront la d\u00e9couverte de cet artiste breton m\u00e9connu. <strong><em>\u00ab Cet alchimiste de la couleur nous transportera dans un monde sur lequel r\u00e8gne le soleil, l\u2019optimisme et un temp\u00e9rament fort \u00bb<\/em><\/strong>, \u00e9voquent les organisateurs, qui ont voulu mettre en lumi\u00e8re l\u2019itin\u00e9raire de ce dipl\u00f4m\u00e9 des Beaux-Arts de Brest, m\u00e9daill\u00e9 de l\u2019\u00e9cole de Nantes, qui suivra les cours des Ateliers d\u2019art sacr\u00e9 de Maurice Denis.<\/p>\n\n\n\n<p class=\"has-text-align-justify\">L\u2019exposition donnera \u00e9galement lieu \u00e0 une conf\u00e9rence de son fils, Mika\u00ebl Micheau-Vernez, le mardi 13 juillet. Agr\u00e9ment\u00e9e de nombreux visuels, elle permettra d\u2019approcher la personnalit\u00e9 de cet adepte de l\u2019art sacr\u00e9 et religieux. <em><strong>\u00ab Je parlerai pour l\u2019occasion de mon p\u00e8re, de sa vie d\u2019artiste et de ce qu\u2019il a fait pour la Bretagne dans le domaine \u00bb<\/strong><\/em>, explique Mika\u00ebl Micheau-Vernez, qui conc\u00e8de <strong><em>\u00ab avoir v\u00e9cu une vie diff\u00e9rente de celle de mes camarades. Toute ma jeunesse, j\u2019ai vu mon p\u00e8re cr\u00e9er sous mes yeux \u00bb<\/em><\/strong>, t\u00e9moigne-t-il, \u00e9mu et d\u00e9sireux de partager le talent de son p\u00e8re.<\/p>\n\n\n\n<p class=\"has-small-font-size\"><em>Publi\u00e9 le 22\/06\/2021 &#8211; Ouest-France \u00a9<\/em><\/p>\n","protected":false},"excerpt":{"rendered":"<p>\u200b\u00c0 la crois\u00e9e des arts, du patrimoine et de la nature, le L\u00e9guer en f\u00eate mettra en lumi\u00e8re l\u2019art sacr\u00e9 et religieux de Robert Micheau-Vernez \u00e0 Ploun\u00e9rin (C\u00f4tes-d\u2019Armor). Dans le programme pl\u00e9thorique des animations marquant la 25e \u00e9dition de la &hellip; <a href=\"http:\/\/www.amis-musee-faience-quimper.fr\/index.php\/2021\/06\/22\/un-alchimiste-de-la-couleur-a-lhonneur-cet-ete-a-plounerin-ouest-france\/\">Continuer la lecture <span class=\"meta-nav\">&rarr;<\/span><\/a><\/p>\n","protected":false},"author":1,"featured_media":0,"comment_status":"open","ping_status":"open","sticky":false,"template":"","format":"standard","meta":{"_monsterinsights_skip_tracking":false,"_monsterinsights_sitenote_active":false,"_monsterinsights_sitenote_note":"","_monsterinsights_sitenote_category":0,"jetpack_post_was_ever_published":false,"_jetpack_newsletter_access":"","_jetpack_dont_email_post_to_subs":false,"_jetpack_newsletter_tier_id":0,"_jetpack_memberships_contains_paywalled_content":false,"_jetpack_memberships_contains_paid_content":false,"footnotes":"","jetpack_publicize_message":"","jetpack_publicize_feature_enabled":true,"jetpack_social_post_already_shared":true,"jetpack_social_options":{"image_generator_settings":{"template":"highway","enabled":false}}},"categories":[17],"tags":[758,623,22,142,345,301,1191],"class_list":["post-5336","post","type-post","status-publish","format-standard","hentry","category-actualites","tag-758","tag-cotes-darmor","tag-micheau-vernez","tag-mikael-micheau-vernez","tag-ouest-france","tag-peintre","tag-plounerin"],"jetpack_publicize_connections":[],"aioseo_notices":[],"jetpack_featured_media_url":"","jetpack_sharing_enabled":true,"jetpack_shortlink":"https:\/\/wp.me\/p8tKLp-1o4","_links":{"self":[{"href":"http:\/\/www.amis-musee-faience-quimper.fr\/index.php\/wp-json\/wp\/v2\/posts\/5336","targetHints":{"allow":["GET"]}}],"collection":[{"href":"http:\/\/www.amis-musee-faience-quimper.fr\/index.php\/wp-json\/wp\/v2\/posts"}],"about":[{"href":"http:\/\/www.amis-musee-faience-quimper.fr\/index.php\/wp-json\/wp\/v2\/types\/post"}],"author":[{"embeddable":true,"href":"http:\/\/www.amis-musee-faience-quimper.fr\/index.php\/wp-json\/wp\/v2\/users\/1"}],"replies":[{"embeddable":true,"href":"http:\/\/www.amis-musee-faience-quimper.fr\/index.php\/wp-json\/wp\/v2\/comments?post=5336"}],"version-history":[{"count":1,"href":"http:\/\/www.amis-musee-faience-quimper.fr\/index.php\/wp-json\/wp\/v2\/posts\/5336\/revisions"}],"predecessor-version":[{"id":5338,"href":"http:\/\/www.amis-musee-faience-quimper.fr\/index.php\/wp-json\/wp\/v2\/posts\/5336\/revisions\/5338"}],"wp:attachment":[{"href":"http:\/\/www.amis-musee-faience-quimper.fr\/index.php\/wp-json\/wp\/v2\/media?parent=5336"}],"wp:term":[{"taxonomy":"category","embeddable":true,"href":"http:\/\/www.amis-musee-faience-quimper.fr\/index.php\/wp-json\/wp\/v2\/categories?post=5336"},{"taxonomy":"post_tag","embeddable":true,"href":"http:\/\/www.amis-musee-faience-quimper.fr\/index.php\/wp-json\/wp\/v2\/tags?post=5336"}],"curies":[{"name":"wp","href":"https:\/\/api.w.org\/{rel}","templated":true}]}}