{"id":5251,"date":"2021-05-30T18:42:29","date_gmt":"2021-05-30T16:42:29","guid":{"rendered":"http:\/\/www.amis-musee-faience-quimper.fr\/?p=5251"},"modified":"2021-05-30T18:47:49","modified_gmt":"2021-05-30T16:47:49","slug":"exposition-xavier-krebs-aux-ursulines-a-la-maison-des-archers-et-a-la-mediatheque-ouest-france","status":"publish","type":"post","link":"http:\/\/www.amis-musee-faience-quimper.fr\/index.php\/2021\/05\/30\/exposition-xavier-krebs-aux-ursulines-a-la-maison-des-archers-et-a-la-mediatheque-ouest-france\/","title":{"rendered":"Exposition Xavier Krebs : aux Ursulines, \u00e0 la Maison des Archers et \u00e0 la m\u00e9diath\u00e8que (Ouest-France)."},"content":{"rendered":"\n<p class=\"has-text-align-justify\"><strong><em>Avec cette exposition de l\u2019\u00e9t\u00e9 et de l\u2019automne, la ville de Quimperl\u00e9 (Finist\u00e8re) rend hommage \u00e0 l\u2019un des siens, \u00e0 l\u2019un de ses enfants : le peintre Xavier Krebs, n\u00e9 \u00e0 Quimperl\u00e9 en 1923 et d\u00e9c\u00e9d\u00e9 \u00e0 la fin de l\u2019\u00e9t\u00e9 2013. Une exposition \u00e0 d\u00e9couvrir dans trois lieux diff\u00e9rents de la ville.<\/em><\/strong><\/p>\n\n\n\n<div class=\"wp-block-image\"><figure class=\"aligncenter size-large\"><img loading=\"lazy\" decoding=\"async\" width=\"940\" height=\"528\" src=\"http:\/\/www.amis-musee-faience-quimper.fr\/wp-content\/uploads\/2021\/05\/Xavier_Krebs_5.jpg\" alt=\"Xavier Krebs\" class=\"wp-image-5258\" srcset=\"http:\/\/www.amis-musee-faience-quimper.fr\/wp-content\/uploads\/2021\/05\/Xavier_Krebs_5.jpg 940w, http:\/\/www.amis-musee-faience-quimper.fr\/wp-content\/uploads\/2021\/05\/Xavier_Krebs_5-300x169.jpg 300w, http:\/\/www.amis-musee-faience-quimper.fr\/wp-content\/uploads\/2021\/05\/Xavier_Krebs_5-768x431.jpg 768w, http:\/\/www.amis-musee-faience-quimper.fr\/wp-content\/uploads\/2021\/05\/Xavier_Krebs_5-500x281.jpg 500w\" sizes=\"auto, (max-width: 940px) 100vw, 940px\" \/><figcaption>Deux des \u0153uvres de , parmi la cinquantaine expos\u00e9e \u00e0 la Chapelle des Ursulines.<\/figcaption><\/figure><\/div>\n\n\n\n<p class=\"has-text-align-justify\">Le parcours de l\u2019exposition pr\u00e9sente la diversit\u00e9 des cheminements artistiques de Xavier Krebs. <strong><em>\u00ab\u00a0Elle retrace l\u2019histoire d\u2019une d\u00e9marche vers l\u2019abstraction, la contemplation et la m\u00e9ditation\u00a0\u00bb\u200b<\/em><\/strong>, dit Fanny Drugeon, la commissaire de l\u2019exposition. L\u2019exposition se d\u00e9roule dans trois lieux, qui <em><strong>\u00ab\u00a0dialoguent entre eux et se r\u00e9pondent \u00e0 travers des formes r\u00e9currentes, l\u2019omnipr\u00e9sence des couleurs et transparences qui r\u00e9sonnent dans des compositions reposant sur des rapports g\u00e9om\u00e9triques pr\u00e9cis.\u00a0\u00bb<\/strong><\/em><\/p>\n\n\n\n<h2 class=\"wp-block-heading\">Labyrinthes<\/h2>\n\n\n\n<div class=\"wp-block-image\"><figure class=\"aligncenter size-large\"><img loading=\"lazy\" decoding=\"async\" width=\"630\" height=\"472\" src=\"http:\/\/www.amis-musee-faience-quimper.fr\/wp-content\/uploads\/2021\/05\/Xavier_Krebs_2.jpg\" alt=\"Dani\u00e8le Brochu et Micha\u00ebl Quernez\" class=\"wp-image-5255\" srcset=\"http:\/\/www.amis-musee-faience-quimper.fr\/wp-content\/uploads\/2021\/05\/Xavier_Krebs_2.jpg 630w, http:\/\/www.amis-musee-faience-quimper.fr\/wp-content\/uploads\/2021\/05\/Xavier_Krebs_2-300x225.jpg 300w, http:\/\/www.amis-musee-faience-quimper.fr\/wp-content\/uploads\/2021\/05\/Xavier_Krebs_2-400x300.jpg 400w\" sizes=\"auto, (max-width: 630px) 100vw, 630px\" \/><figcaption>Dani\u00e8le Brochu, l\u2019adjointe \u00e0 la culture, et Micha\u00ebl Quernez, le maire de Quimperl\u00e9, lors du vernissage de samedi matin.<\/figcaption><\/figure><\/div>\n\n\n\n<p class=\"has-text-align-justify\">Dans la Chapelle des Ursulines, l\u2019histoire est <strong><em>\u00ab\u00a0principalement cont\u00e9e en peintures, des premi\u00e8res \u0153uvres figuratives aux ultimes lagunes, en passant par les grands formats des ann\u00e9es 2000 dans lesquels jaillissent les r\u00e9miniscences des couleurs bretonnes.\u00a0\u00bb<\/em><\/strong><\/p>\n\n\n\n<p class=\"has-text-align-justify\">Une s\u00e9lection d\u2019une cinquantaine de peintures issues de collections publiques et priv\u00e9es est pr\u00e9sent\u00e9e suivant une ligne chronologique.<\/p>\n\n\n\n<p class=\"has-text-align-justify\"><strong><em>\u00ab\u00a0Y sont soulign\u00e9s les liens qui se tissent entre des s\u00e9ries parfois \u00e0 plusieurs d\u00e9cennies d\u2019intervalles. Le parcours est structur\u00e9 par des s\u00e9ries telles les Signes, les Seuils ou les Lagunes\u00a0\u00bb<\/em><\/strong>\u200b, dit encore Fanny Drugeon.<\/p>\n\n\n\n<h2 class=\"wp-block-heading\">\u00c9chapp\u00e9es<\/h2>\n\n\n\n<p class=\"has-text-align-justify\">\u00c0 la Maison des Archers, il est question des \u00e9chapp\u00e9es, tant \u00e0 travers les lieux que l\u2019artiste cherche \u00e0 quitter, depuis son enfance en pays quimperlois, qu\u2019\u00e0 travers les nouveaux espaces que Xavier Krebs se cr\u00e9e.<\/p>\n\n\n\n<p class=\"has-text-align-justify\"><em><strong>\u00ab\u00a0Outre l\u2019intimit\u00e9 de l\u2019artiste, tels ses liens familiaux ou ses carnets, sont pr\u00e9sent\u00e9es ici ses collaborations dans une dimension architecturale, ainsi qu\u2019une \u00e9vocation de son atelier.\u00a0\u00bb<\/strong><\/em><\/p>\n\n\n\n<h2 class=\"wp-block-heading\">M\u00e9moires<\/h2>\n\n\n\n<p class=\"has-text-align-justify\">\u00c0 la m\u00e9diath\u00e8que Jean-Plou\u00ebt, la <strong><em>\u00ab\u00a0dimension m\u00e9morielle est essentielle, qu\u2019il s\u2019agisse de la m\u00e9moire des livres et des influences litt\u00e9raires et artistiques qui ont compt\u00e9 pour son travail, ou de la m\u00e9moire de l\u2019artiste, telles les photographies d\u2019Inde qui lui permettent de renouer avec son propre pass\u00e9.\u00a0\u00bb<\/em><\/strong><\/p>\n\n\n\n<p class=\"has-text-align-justify\">Une s\u00e9lection d\u2019ouvrages provenant de la biblioth\u00e8que de Xavier Krebs est expos\u00e9e, compagnons de route et sources d\u2019inspiration.<\/p>\n\n\n\n<h2 class=\"wp-block-heading\">L\u2019ancrage familial des Krebs<\/h2>\n\n\n\n<div class=\"wp-block-image\"><figure class=\"aligncenter size-large\"><img loading=\"lazy\" decoding=\"async\" width=\"630\" height=\"472\" src=\"http:\/\/www.amis-musee-faience-quimper.fr\/wp-content\/uploads\/2021\/05\/Xavier_Krebs_3.jpg\" alt=\"Les trois enfants de Xavier Krebs\" class=\"wp-image-5256\" srcset=\"http:\/\/www.amis-musee-faience-quimper.fr\/wp-content\/uploads\/2021\/05\/Xavier_Krebs_3.jpg 630w, http:\/\/www.amis-musee-faience-quimper.fr\/wp-content\/uploads\/2021\/05\/Xavier_Krebs_3-300x225.jpg 300w, http:\/\/www.amis-musee-faience-quimper.fr\/wp-content\/uploads\/2021\/05\/Xavier_Krebs_3-400x300.jpg 400w\" sizes=\"auto, (max-width: 630px) 100vw, 630px\" \/><figcaption>Constance, Bruno et Benjamin, les trois enfants de Xavier Krebs, en compagnie du maire, Micha\u00ebl Quernez, et de Fanny Drugeon, la commissaire de l\u2019exposition (\u00e0 droite).<\/figcaption><\/figure><\/div>\n\n\n\n<p class=\"has-text-align-justify\">Xavier Krebs est n\u00e9 en 1923 \u00e0 Quimperl\u00e9. Il y restera jusqu\u2019\u00e0 ses 17 ans. Il a grandi dans le manoir de Poulguin, au bord de l\u2019Aven, \u00e0 N\u00e9vez. Un bien familial qui a appartenu \u00e0 partir de 1883, \u00e0 Alix de Kergariou \u00e9pouse de Pierre Hersart de la Villemarqu\u00e9, fils de l\u2019auteur du Barzaz-Breiz.<\/p>\n\n\n\n<p class=\"has-text-align-justify\">Val\u00e9rie, leur fille, \u00e9pouse en 1920 le fr\u00e8re de son amie d\u2019enfance Marguerite, Arthur Krebs, le p\u00e8re de Xavier. Le grand-p\u00e8re de Xavier, Arthur Constantin Krebs \u00e9tait un militaire et ing\u00e9nieur. Pionnier de l\u2019a\u00e9ronautique en 1884 avec le dirigeable La France, contribue \u00e0 l\u2019invention du bateau \u00e9lectrique sous-marin Gymnote.<\/p>\n\n\n\n<p class=\"has-text-align-justify\">Il a \u00e9t\u00e9 directeur de Panhard avant de se retirer dans son domaine de la Villeneuve-Braouic. Xavier avait 12 ans \u00e0 la mort de son grand-p\u00e8re. Autre personne importante dans sa famille, sa tante Marguerite qui a \u00e9pous\u00e9 Paul Paulet le cr\u00e9ateur de la soci\u00e9t\u00e9 du m\u00eame nom \u00e0 Douarnenez (Petit Navire).<\/p>\n\n\n\n<p class=\"has-text-align-justify\">\u00c0 Quimperl\u00e9, un sentier de randonn\u00e9e du c\u00f4t\u00e9 de Keransquer et de la Villeneuve-Braouic porte le nom d\u2019Arthur Krebs.<\/p>\n\n\n\n<h2 class=\"wp-block-heading\">De multiples rendez-vous gratuits<\/h2>\n\n\n\n<p><strong>Visites accompagn\u00e9es<\/strong><\/p>\n\n\n\n<p><strong>Xavier Krebs : \u00e0 travers la peinture.<\/strong> Tous les vendredis \u00e0 11 h \u00e0 la Chapelle des Ursulines. Dur\u00e9e : 45 minutes.<\/p>\n\n\n\n<p class=\"has-text-align-justify\"><strong>Xavier Krebs : dans l\u2019intimit\u00e9 d\u2019un peintre.<\/strong> Les mardis 6, 13, 20 et 27 juillet et les mardis 3 et 10 ao\u00fbt, \u00e0 18 h \u00e0 la Maison des Archers. Dur\u00e9e : 30 minutes.<\/p>\n\n\n\n<p class=\"has-text-align-justify\"><strong>Lecture pour les enfants.<\/strong> Les biblioth\u00e9caires racontent des histoires entre la Chapelle des Ursulines et la m\u00e9diath\u00e8que, en lien avec l\u2019univers de Xavier Krebs. Le mercredi 18 ao\u00fbt, d\u00e9part \u00e0 15 h depuis la Chapelle des Ursulines. Dur\u00e9e : 45 minutes. \u00c0 partir de 4 ans.<\/p>\n\n\n\n<p class=\"has-text-align-justify\"><strong>Yog\u2019art Contemplation.<\/strong> Une approche sensible de l\u2019\u0153uvre de Xavier Krebs pour le public adulte au c\u0153ur de l\u2019exposition, en compagnie du professeur de yoga, Ywen Herv\u00e9. Les 17, 23 et 30 juin, \u00e0 10 h 30 \u00e0 la chapelle des Ursulines. Dur\u00e9e : une heure trente.<\/p>\n\n\n\n<p><strong>Les ateliers<\/strong><\/p>\n\n\n\n<div class=\"wp-block-image\"><figure class=\"aligncenter size-large\"><img loading=\"lazy\" decoding=\"async\" width=\"630\" height=\"472\" src=\"http:\/\/www.amis-musee-faience-quimper.fr\/wp-content\/uploads\/2021\/05\/Xavier_Krebs_1.jpg\" alt=\"La chapelle des Ursulines\" class=\"wp-image-5254\" srcset=\"http:\/\/www.amis-musee-faience-quimper.fr\/wp-content\/uploads\/2021\/05\/Xavier_Krebs_1.jpg 630w, http:\/\/www.amis-musee-faience-quimper.fr\/wp-content\/uploads\/2021\/05\/Xavier_Krebs_1-300x225.jpg 300w, http:\/\/www.amis-musee-faience-quimper.fr\/wp-content\/uploads\/2021\/05\/Xavier_Krebs_1-400x300.jpg 400w\" sizes=\"auto, (max-width: 630px) 100vw, 630px\" \/><figcaption>L\u2019univers de Xavier Krebs \u00e0 d\u00e9couvrir \u00e0 la chapelle des Ursulines, jusqu\u2019au 10 octobre.<\/figcaption><\/figure><\/div>\n\n\n\n<p class=\"has-text-align-justify\"><strong>Cr\u00e9ations color\u00e9es.<\/strong> Pour les familles \u00e0 la m\u00e9diath\u00e8que, un moment de d\u00e9couverte de l\u2019exposition et de cr\u00e9ation de ses paysages de couleurs. Les mercredis 7 juillet, 4 et 25 ao\u00fbt, \u00e0 15 h \u00e0 la m\u00e9diath\u00e8que. Dur\u00e9e : une heure trente. \u00c0 partir de 6 ans.<\/p>\n\n\n\n<p><strong>Les rencontres<\/strong><\/p>\n\n\n\n<p class=\"has-text-align-justify\"><strong>Itin\u00e9raire caf\u00e9<\/strong>. Rencontre pour le public adulte avec la commissaire d\u2019exposition Fanny Drugeon. Une occasion unique de suivre le parcours d\u2019exposition en trois temps. Le 13 juillet, \u00e0 15 h, \u00e0 la Maison des Archers. Dur\u00e9e ; deux heures.<\/p>\n\n\n\n<p class=\"has-text-align-justify\"><strong>Xavier Krebs : un regard au jour le jour. <\/strong>Conf\u00e9rence grand public avec C\u00e9dric de Veigy, enseignant-chercheur en photographie et cin\u00e9ma fran\u00e7ais. Le 28 septembre, \u00e0 18 h 30, \u00e0 la m\u00e9diath\u00e8que. Dur\u00e9e : une heure.<\/p>\n\n\n\n<p class=\"has-text-align-justify\"><strong>Xavier Krebs : les influences d\u2019un peintre.<\/strong> Conf\u00e9rence grand public avec Micka\u00ebl de Saint-Ch\u00e9ron, philosophe des religions et \u00e9crivain. Le 6 octobre \u00e0 18 h 30 \u00e0 la Chapelle des Ursulines. Dur\u00e9e : une heure.<\/p>\n\n\n\n<p class=\"has-text-align-justify\"><strong>Tous ces rendez-vous sont gratuits.<\/strong> Mais il est n\u00e9cessaire de r\u00e9server sur place, au 02 98 39 28 44 aux heures d\u2019ouverture ou par mail <a href=\"mailto:culture@ville-quimperle.fr\">culture@ville-quimperle.fr<\/a><\/p>\n\n\n\n<h2 class=\"wp-block-heading\">Jusqu\u2019au dimanche 10 octobre<\/h2>\n\n\n\n<p><strong>Les horaires<\/strong><\/p>\n\n\n\n<div class=\"wp-block-image\"><figure class=\"aligncenter size-large\"><img loading=\"lazy\" decoding=\"async\" width=\"630\" height=\"472\" src=\"http:\/\/www.amis-musee-faience-quimper.fr\/wp-content\/uploads\/2021\/05\/Xavier_Krebs_4.jpg\" alt=\"Xavier Krebs\" class=\"wp-image-5257\" srcset=\"http:\/\/www.amis-musee-faience-quimper.fr\/wp-content\/uploads\/2021\/05\/Xavier_Krebs_4.jpg 630w, http:\/\/www.amis-musee-faience-quimper.fr\/wp-content\/uploads\/2021\/05\/Xavier_Krebs_4-300x225.jpg 300w, http:\/\/www.amis-musee-faience-quimper.fr\/wp-content\/uploads\/2021\/05\/Xavier_Krebs_4-400x300.jpg 400w\" sizes=\"auto, (max-width: 630px) 100vw, 630px\" \/><figcaption>Toujours cette ligne noire dans le travail de l\u2019artiste.<\/figcaption><\/figure><\/div>\n\n\n\n<p class=\"has-text-align-justify\"><strong>Chapelle des Ursulines et Maison des Archers :<\/strong> jusqu\u2019au 30 juin et du 1er septembre au 10 octobre, de 13 h \u00e0 18 h. Du 1er juillet au 31 ao\u00fbt, de 11 h \u00e0 19 h. Fermeture le lundi<\/p>\n\n\n\n<p class=\"has-text-align-justify\"><strong>M\u00e9diath\u00e8que : aux horaires d\u2019ouverture de la m\u00e9diath\u00e8que<\/strong>, jusqu\u2019au 2 juillet et \u00e0 partir du 31 ao\u00fbt : mardi 14 h-18h30, mercredi 10 h-12 h 30 et 14 h-18 h 30, jeudi 16 h-18 h 30, vendredi et samedi 10 h-18 h. Du 3 juillet au 28 ao\u00fbt : 10 h-12 h 30 et 14 h-18 h, sauf le mardi matin et le jeudi apr\u00e8s-midi. Fermeture le dimanche et le lundi<\/p>\n\n\n\n<p><strong>Les tarifs<\/strong><\/p>\n\n\n\n<p class=\"has-text-align-justify\">Maison des Archers et Chapelle des Ursulines (pass\u2019unique) : tarif plein : 5 \u20ac ; tarif r\u00e9duit : 3 \u20ac (demandeurs d\u2019emploi, personnes en situation de handicap, groupe de 10 personnes minimum). Gratuit : pour les moins de 25 ans, les b\u00e9n\u00e9ficiaires du RSA et tous les vendredis.<\/p>\n\n\n\n<p><strong>Mus\u00e9e de la Fa\u00efence \u00e0 Quimper<\/strong><\/p>\n\n\n\n<p class=\"has-text-align-justify\">Parall\u00e8lement \u00e0 l\u2019exposition organis\u00e9e \u00e0 Quimperl\u00e9, l\u2019exposition <strong>\u00ab Keraluc, une fa\u00efencerie au service des artistes \u00bb<\/strong>, pr\u00e9sentant notamment des c\u00e9ramiques de Xavier Krebs, a lieu au Mus\u00e9e de la Fa\u00efence de Quimper jusqu\u2019\u00e0 la fin septembre 2021.<\/p>\n\n\n\n<p><strong>Publication<\/strong><\/p>\n\n\n\n<p class=\"has-text-align-justify\">Une publication, r\u00e9alis\u00e9e en co\u00e9dition entre la Ville de Quimperl\u00e9 et les \u00e9ditions Locus Solus, accompagne l\u2019exposition. Une centaine d\u2019\u0153uvres seront reproduites dans cet ouvrage. R\u00e9unis sous la direction de Fanny Drugeon et Constance Krebs, plusieurs auteurs et critiques, y contribuent : Andr\u00e9 Cariou et Fran\u00e7oise Terret-Daniel (conservateurs de mus\u00e9es), Antoine Lucas et C\u00e9dric de Veigy (enseignants-chercheurs), Fran\u00e7oise Livinec (galeriste), etc.<\/p>\n\n\n\n<p class=\"has-text-align-justify\">Le catalogue de l\u2019exposition : Xavier Krebs \u2013 Cheminements ; \u00e9ditions Locus Solus ; 112 pages couleur ; prix 25 \u20ac.<\/p>\n\n\n\n<p class=\"has-small-font-size\"><em>Publi\u00e9 le 30\/05\/2021 &#8211; Ouest-France \u00a9<\/em><\/p>\n","protected":false},"excerpt":{"rendered":"<p>Avec cette exposition de l\u2019\u00e9t\u00e9 et de l\u2019automne, la ville de Quimperl\u00e9 (Finist\u00e8re) rend hommage \u00e0 l\u2019un des siens, \u00e0 l\u2019un de ses enfants : le peintre Xavier Krebs, n\u00e9 \u00e0 Quimperl\u00e9 en 1923 et d\u00e9c\u00e9d\u00e9 \u00e0 la fin de &hellip; <a href=\"http:\/\/www.amis-musee-faience-quimper.fr\/index.php\/2021\/05\/30\/exposition-xavier-krebs-aux-ursulines-a-la-maison-des-archers-et-a-la-mediatheque-ouest-france\/\">Continuer la lecture <span class=\"meta-nav\">&rarr;<\/span><\/a><\/p>\n","protected":false},"author":1,"featured_media":0,"comment_status":"open","ping_status":"open","sticky":false,"template":"","format":"standard","meta":{"_monsterinsights_skip_tracking":false,"_monsterinsights_sitenote_active":false,"_monsterinsights_sitenote_note":"","_monsterinsights_sitenote_category":0,"jetpack_post_was_ever_published":false,"_jetpack_newsletter_access":"","_jetpack_dont_email_post_to_subs":false,"_jetpack_newsletter_tier_id":0,"_jetpack_memberships_contains_paywalled_content":false,"_jetpack_memberships_contains_paid_content":false,"footnotes":"","jetpack_publicize_message":"","jetpack_publicize_feature_enabled":true,"jetpack_social_post_already_shared":true,"jetpack_social_options":{"image_generator_settings":{"template":"highway","enabled":false}}},"categories":[17],"tags":[758,950,208,102,1167,1165,1162,7,1161,1168,1166,297,249,169,427,1160,890,1164,1163,12,345,301,23,862,1159],"class_list":["post-5251","post","type-post","status-publish","format-standard","hentry","category-actualites","tag-758","tag-andre-cariou","tag-antoine-lucas","tag-catalogue","tag-cedric-de-veigy","tag-constance-krebs","tag-daniele-brochu","tag-faience","tag-fanny-drugeon","tag-francoise-livinec","tag-francoise-terret-daniel","tag-keraluc","tag-krebs","tag-livre","tag-locus-solus","tag-maison-des-archers","tag-mediatheque","tag-mediatheque-jean-plouet","tag-michael-quernez","tag-musee","tag-ouest-france","tag-peintre","tag-quimper","tag-quimperle","tag-ursulines"],"jetpack_publicize_connections":[],"aioseo_notices":[],"jetpack_featured_media_url":"","jetpack_sharing_enabled":true,"jetpack_shortlink":"https:\/\/wp.me\/p8tKLp-1mH","_links":{"self":[{"href":"http:\/\/www.amis-musee-faience-quimper.fr\/index.php\/wp-json\/wp\/v2\/posts\/5251","targetHints":{"allow":["GET"]}}],"collection":[{"href":"http:\/\/www.amis-musee-faience-quimper.fr\/index.php\/wp-json\/wp\/v2\/posts"}],"about":[{"href":"http:\/\/www.amis-musee-faience-quimper.fr\/index.php\/wp-json\/wp\/v2\/types\/post"}],"author":[{"embeddable":true,"href":"http:\/\/www.amis-musee-faience-quimper.fr\/index.php\/wp-json\/wp\/v2\/users\/1"}],"replies":[{"embeddable":true,"href":"http:\/\/www.amis-musee-faience-quimper.fr\/index.php\/wp-json\/wp\/v2\/comments?post=5251"}],"version-history":[{"count":4,"href":"http:\/\/www.amis-musee-faience-quimper.fr\/index.php\/wp-json\/wp\/v2\/posts\/5251\/revisions"}],"predecessor-version":[{"id":5260,"href":"http:\/\/www.amis-musee-faience-quimper.fr\/index.php\/wp-json\/wp\/v2\/posts\/5251\/revisions\/5260"}],"wp:attachment":[{"href":"http:\/\/www.amis-musee-faience-quimper.fr\/index.php\/wp-json\/wp\/v2\/media?parent=5251"}],"wp:term":[{"taxonomy":"category","embeddable":true,"href":"http:\/\/www.amis-musee-faience-quimper.fr\/index.php\/wp-json\/wp\/v2\/categories?post=5251"},{"taxonomy":"post_tag","embeddable":true,"href":"http:\/\/www.amis-musee-faience-quimper.fr\/index.php\/wp-json\/wp\/v2\/tags?post=5251"}],"curies":[{"name":"wp","href":"https:\/\/api.w.org\/{rel}","templated":true}]}}