{"id":5099,"date":"2021-04-07T11:30:00","date_gmt":"2021-04-07T09:30:00","guid":{"rendered":"http:\/\/www.amis-musee-faience-quimper.fr\/?p=5099"},"modified":"2021-04-07T11:32:48","modified_gmt":"2021-04-07T09:32:48","slug":"conference-de-francoise-le-goaziou-une-si-belle-ame-regards-sur-loeuvre-de-jeanne-malivel-1895-1926-mission-bretonne","status":"publish","type":"post","link":"http:\/\/www.amis-musee-faience-quimper.fr\/index.php\/2021\/04\/07\/conference-de-francoise-le-goaziou-une-si-belle-ame-regards-sur-loeuvre-de-jeanne-malivel-1895-1926-mission-bretonne\/","title":{"rendered":"Conf\u00e9rence de Fran\u00e7oise Le Goaziou &#8211; \u00ab\u00a0Une si belle \u00e2me\u00a0\u00bb &#8211; Regards sur l\u2019\u0153uvre de Jeanne Malivel 1895-1926 (Mission bretonne)."},"content":{"rendered":"\n<p class=\"has-text-align-justify\">La Mission bretonne de Paris proposait une visioconf\u00e9rence sur l&rsquo;artiste Jeanne Malivel, le samedi 3 avril 2021.<\/p>\n\n\n\n<p class=\"has-text-align-justify\">Mme Fran\u00e7oise Le Goaziou est pr\u00e9sidente de la Mission, elle a \u00e9crit de nombreux ouvrages sur l&rsquo;artiste. Ils sont publi\u00e9s aux \u00e9ditions ASIA, pour le compte de l&rsquo;association des Amis de Jeanne Malivel (<a href=\"http:\/\/www.amis-musee-faience-quimper.fr\/index.php\/2018\/03\/06\/jeanne-malivel-revoltes-et-batailles\/\" target=\"_blank\" rel=\"noreferrer noopener\">lien<\/a>).<\/p>\n\n\n\n<p class=\"has-text-align-justify\">Nous pr\u00e9sentons sur cette page la captation de cette conf\u00e9rence passionnante r\u00e9alis\u00e9e en version \u00ab\u00a0d\u00e9mat\u00e9rialis\u00e9e\u00a0\u00bb !<\/p>\n\n\n\n<p class=\"has-text-align-justify\">Pour rappel, le Mus\u00e9e de la Fa\u00efence de Quimper avait d\u00e9di\u00e9 son exposition th\u00e9matique de l&rsquo;ann\u00e9e 2018 \u00e0 Jeanne Malivel. Le catalogue \u00e9dit\u00e9 par notre association \u00e0 cette occasion est toujours disponible (<a href=\"http:\/\/www.amis-musee-faience-quimper.fr\/index.php\/2018\/04\/13\/jeanne-malivel-pionniere-de-lart-moderne-breton-1895-1926\/\" target=\"_blank\" rel=\"noreferrer noopener\">lien<\/a>).<\/p>\n\n\n\n<iframe loading=\"lazy\" src=\"https:\/\/www.youtube.com\/embed\/eycVT3RKgRI\" title=\"YouTube video player\" allow=\"accelerometer; autoplay; clipboard-write; encrypted-media; gyroscope; picture-in-picture\" allowfullscreen=\"\" width=\"640\" height=\"320\" frameborder=\"0\"><\/iframe>\n\n\n\n<p class=\"has-small-font-size\"><em>Publi\u00e9 le 03\/04\/2021 &#8211; Mission bretonne \u00a9<\/em><\/p>\n","protected":false},"excerpt":{"rendered":"<p>La Mission bretonne de Paris proposait une visioconf\u00e9rence sur l&rsquo;artiste Jeanne Malivel, le samedi 3 avril 2021. Mme Fran\u00e7oise Le Goaziou est pr\u00e9sidente de la Mission, elle a \u00e9crit de nombreux ouvrages sur l&rsquo;artiste. Ils sont publi\u00e9s aux \u00e9ditions ASIA, &hellip; <a href=\"http:\/\/www.amis-musee-faience-quimper.fr\/index.php\/2021\/04\/07\/conference-de-francoise-le-goaziou-une-si-belle-ame-regards-sur-loeuvre-de-jeanne-malivel-1895-1926-mission-bretonne\/\">Continuer la lecture <span class=\"meta-nav\">&rarr;<\/span><\/a><\/p>\n","protected":false},"author":1,"featured_media":0,"comment_status":"open","ping_status":"open","sticky":false,"template":"","format":"standard","meta":{"_monsterinsights_skip_tracking":false,"_monsterinsights_sitenote_active":false,"_monsterinsights_sitenote_note":"","_monsterinsights_sitenote_category":0,"jetpack_post_was_ever_published":false,"_jetpack_newsletter_access":"","_jetpack_dont_email_post_to_subs":false,"_jetpack_newsletter_tier_id":0,"_jetpack_memberships_contains_paywalled_content":false,"_jetpack_memberships_contains_paid_content":false,"footnotes":"","jetpack_publicize_message":"","jetpack_publicize_feature_enabled":true,"jetpack_social_post_already_shared":true,"jetpack_social_options":{"image_generator_settings":{"template":"highway","enabled":false}}},"categories":[17],"tags":[476,758,602,102,643,545,169,262,1128,498,425,25],"class_list":["post-5099","post","type-post","status-publish","format-standard","hentry","category-actualites","tag-476","tag-758","tag-andre-soubigou","tag-catalogue","tag-conference","tag-francoise-le-goaziou","tag-livre","tag-malivel","tag-mission-bretonne","tag-paris","tag-seiz-breur","tag-video"],"jetpack_publicize_connections":[],"aioseo_notices":[],"jetpack_featured_media_url":"","jetpack_sharing_enabled":true,"jetpack_shortlink":"https:\/\/wp.me\/p8tKLp-1kf","_links":{"self":[{"href":"http:\/\/www.amis-musee-faience-quimper.fr\/index.php\/wp-json\/wp\/v2\/posts\/5099","targetHints":{"allow":["GET"]}}],"collection":[{"href":"http:\/\/www.amis-musee-faience-quimper.fr\/index.php\/wp-json\/wp\/v2\/posts"}],"about":[{"href":"http:\/\/www.amis-musee-faience-quimper.fr\/index.php\/wp-json\/wp\/v2\/types\/post"}],"author":[{"embeddable":true,"href":"http:\/\/www.amis-musee-faience-quimper.fr\/index.php\/wp-json\/wp\/v2\/users\/1"}],"replies":[{"embeddable":true,"href":"http:\/\/www.amis-musee-faience-quimper.fr\/index.php\/wp-json\/wp\/v2\/comments?post=5099"}],"version-history":[{"count":6,"href":"http:\/\/www.amis-musee-faience-quimper.fr\/index.php\/wp-json\/wp\/v2\/posts\/5099\/revisions"}],"predecessor-version":[{"id":5115,"href":"http:\/\/www.amis-musee-faience-quimper.fr\/index.php\/wp-json\/wp\/v2\/posts\/5099\/revisions\/5115"}],"wp:attachment":[{"href":"http:\/\/www.amis-musee-faience-quimper.fr\/index.php\/wp-json\/wp\/v2\/media?parent=5099"}],"wp:term":[{"taxonomy":"category","embeddable":true,"href":"http:\/\/www.amis-musee-faience-quimper.fr\/index.php\/wp-json\/wp\/v2\/categories?post=5099"},{"taxonomy":"post_tag","embeddable":true,"href":"http:\/\/www.amis-musee-faience-quimper.fr\/index.php\/wp-json\/wp\/v2\/tags?post=5099"}],"curies":[{"name":"wp","href":"https:\/\/api.w.org\/{rel}","templated":true}]}}