{"id":3771,"date":"2020-05-14T17:16:20","date_gmt":"2020-05-14T15:16:20","guid":{"rendered":"http:\/\/www.amis-musee-faience-quimper.fr\/?p=3771"},"modified":"2020-05-14T17:28:05","modified_gmt":"2020-05-14T15:28:05","slug":"a-quimper-la-faiencerie-keraluc-et-ses-artistes-mis-a-lhonneur-au-musee-ouest-france","status":"publish","type":"post","link":"http:\/\/www.amis-musee-faience-quimper.fr\/index.php\/2020\/05\/14\/a-quimper-la-faiencerie-keraluc-et-ses-artistes-mis-a-lhonneur-au-musee-ouest-france\/","title":{"rendered":"\u00c0 Quimper, la fa\u00efencerie Keraluc et ses artistes mis \u00e0 l\u2019honneur au mus\u00e9e (Ouest-France)."},"content":{"rendered":"\n<p><strong><em>Le mus\u00e9e de la fa\u00efence, \u00e0 Quimper, a rouvert lundi 11 mai 2020. \u00c0 d\u00e9couvrir, un pan de l\u2019histoire locale : la fa\u00efencerie Keraluc et ses premiers artistes.<\/em><\/strong><\/p>\n\n\n\n<figure class=\"wp-block-image size-large\"><img loading=\"lazy\" decoding=\"async\" width=\"1024\" height=\"768\" src=\"http:\/\/www.amis-musee-faience-quimper.fr\/wp-content\/uploads\/2020\/05\/J\u00e9r\u00e9my_Varoquier_Keraluc-1024x768.jpg\" alt=\" J\u00e9r\u00e9my Varoquier\" class=\"wp-image-3773\" srcset=\"http:\/\/www.amis-musee-faience-quimper.fr\/wp-content\/uploads\/2020\/05\/J\u00e9r\u00e9my_Varoquier_Keraluc-1024x768.jpg 1024w, http:\/\/www.amis-musee-faience-quimper.fr\/wp-content\/uploads\/2020\/05\/J\u00e9r\u00e9my_Varoquier_Keraluc-300x225.jpg 300w, http:\/\/www.amis-musee-faience-quimper.fr\/wp-content\/uploads\/2020\/05\/J\u00e9r\u00e9my_Varoquier_Keraluc-768x576.jpg 768w, http:\/\/www.amis-musee-faience-quimper.fr\/wp-content\/uploads\/2020\/05\/J\u00e9r\u00e9my_Varoquier_Keraluc-400x300.jpg 400w, http:\/\/www.amis-musee-faience-quimper.fr\/wp-content\/uploads\/2020\/05\/J\u00e9r\u00e9my_Varoquier_Keraluc.jpg 1260w\" sizes=\"auto, (max-width: 1024px) 100vw, 1024px\" \/><figcaption>J\u00e9r\u00e9my Varoquier, assistant principal au mus\u00e9e de la fa\u00efence \u00e0 Quimper, pr\u00e9sente la nouvelle expo temporaire (jusqu\u2019au 26 septembre 2020 minimum) : Keraluc, une fa\u00efencerie au service des artistes.<\/figcaption><\/figure>\n\n\n\n<p>\u00c0 Quimper, le mus\u00e9e de la fa\u00efence devait rouvrir le 3 avril ; il a finalement ouvert ses portes le 11 mai 2020, avec une nouvelle exposition temporaire : Keraluc, une fa\u00efencerie au service des artistes. Keraluc ? <strong><em>\u00ab\u00a0Il s\u2019agit de la derni\u00e8re fa\u00efencerie cr\u00e9\u00e9e \u00e0 Quimper, par Victor Lucas, au sortir de la Seconde Guerre mondial<\/em>e\u00a0\u00bb<\/strong>, rappelle J\u00e9r\u00e9my Varoquier, assistant principal au mus\u00e9e. Ing\u00e9nieur, artiste et chef d\u2019entreprise, Victor Lucas a vu le jour dans l\u2019actuel quartier du Frugy.<\/p>\n\n\n\n<h2 class=\"wp-block-heading\">Des pi\u00e8ces uniques<\/h2>\n\n\n\n<p>Cette nouvelle exposition rassemble environ 150 \u0153uvres, dont une grande majorit\u00e9 sont uniques n\u2019ont jamais, ou presque, \u00e9t\u00e9 expos\u00e9es. Comme ce jeu d\u2019\u00e9checs, cr\u00e9\u00e9 par Luc-Marie Bayle et Victor Lucas, qui n\u2019a \u00e9t\u00e9 expos\u00e9 qu\u2019une fois en septembre 1949 au premier salon des c\u00e9ramistes d\u2019art de France dont les pi\u00e8ces sont en forme d\u2019animaux des r\u00e9gions polaires.<\/p>\n\n\n\n<p>On y retrouve aussi des cr\u00e9ations de l\u2019artiste Pierre Toulhoat, des assiettes du dessinateur humoristique Yvain, du dessinateur et graphiste Jos Le Corre, des panneaux de terre chamott\u00e9e d\u2019Andr\u00e9 L\u2019Helguen, des peintures de Ren\u00e9 Qu\u00e9r\u00e9 et de Xavier Krebs. Ces artistes ont ainsi pu cr\u00e9er <strong><em>\u00ab\u00a0avec une grande libert\u00e9 de tons et d\u2019expressions\u00a0\u00bb<\/em><\/strong>, ajoute J\u00e9r\u00e9my Varoquier.<\/p>\n\n\n\n<p><strong>Jusqu\u2019au 26 septembre minimum.<\/strong> Ouvert du lundi au samedi, de 10 h \u00e0 18 h ; visite comment\u00e9e le samedi \u00e0 15 h 30 (six personnes maximum). Tarifs : 5 \u20ac (adulte) ; 4 \u20ac (18-25 ans) ; 3 \u20ac (enfant). Le mus\u00e9e de la fa\u00efence se visite selon un sens unique de circulation ; les r\u00e8gles de distanciation sociale y sont appliqu\u00e9es, le port du masque obligatoire. Du gel hydroalcoolique est \u00e0 disposition \u00e0 l\u2019entr\u00e9e et pour la consultation des ouvrages en boutique.<\/p>\n\n\n\n<p class=\"has-small-font-size\"><em>Publi\u00e9 le 14 mai 2020 par Rose-Marie DUGUEN &#8211; Ouest-France \u00a9<\/em><\/p>\n","protected":false},"excerpt":{"rendered":"<p>Le mus\u00e9e de la fa\u00efence, \u00e0 Quimper, a rouvert lundi 11 mai 2020. \u00c0 d\u00e9couvrir, un pan de l\u2019histoire locale : la fa\u00efencerie Keraluc et ses premiers artistes. \u00c0 Quimper, le mus\u00e9e de la fa\u00efence devait rouvrir le 3 avril &hellip; <a href=\"http:\/\/www.amis-musee-faience-quimper.fr\/index.php\/2020\/05\/14\/a-quimper-la-faiencerie-keraluc-et-ses-artistes-mis-a-lhonneur-au-musee-ouest-france\/\">Continuer la lecture <span class=\"meta-nav\">&rarr;<\/span><\/a><\/p>\n","protected":false},"author":1,"featured_media":0,"comment_status":"open","ping_status":"open","sticky":false,"template":"","format":"standard","meta":{"_monsterinsights_skip_tracking":false,"_monsterinsights_sitenote_active":false,"_monsterinsights_sitenote_note":"","_monsterinsights_sitenote_category":0,"jetpack_post_was_ever_published":false,"_jetpack_newsletter_access":"","_jetpack_dont_email_post_to_subs":false,"_jetpack_newsletter_tier_id":0,"_jetpack_memberships_contains_paywalled_content":false,"_jetpack_memberships_contains_paid_content":false,"footnotes":"","jetpack_publicize_message":"","jetpack_publicize_feature_enabled":true,"jetpack_social_post_already_shared":true,"jetpack_social_options":{"image_generator_settings":{"template":"highway","enabled":false}}},"categories":[17],"tags":[936,630,9,7,461,854,297,249,1022,12,345,197,23,1021,90,87,296],"class_list":["post-3771","post","type-post","status-publish","format-standard","hentry","category-actualites","tag-936","tag-andre-lhelguen","tag-exposition","tag-faience","tag-jeremy-varoquier","tag-jos-le-corre","tag-keraluc","tag-krebs","tag-luc-marie-bayle","tag-musee","tag-ouest-france","tag-quere","tag-quimper","tag-rose-marie-duguen","tag-toulhoat","tag-victor-lucas","tag-yvain"],"jetpack_publicize_connections":[],"aioseo_notices":[],"jetpack_featured_media_url":"","jetpack_sharing_enabled":true,"jetpack_shortlink":"https:\/\/wp.me\/p8tKLp-YP","_links":{"self":[{"href":"http:\/\/www.amis-musee-faience-quimper.fr\/index.php\/wp-json\/wp\/v2\/posts\/3771","targetHints":{"allow":["GET"]}}],"collection":[{"href":"http:\/\/www.amis-musee-faience-quimper.fr\/index.php\/wp-json\/wp\/v2\/posts"}],"about":[{"href":"http:\/\/www.amis-musee-faience-quimper.fr\/index.php\/wp-json\/wp\/v2\/types\/post"}],"author":[{"embeddable":true,"href":"http:\/\/www.amis-musee-faience-quimper.fr\/index.php\/wp-json\/wp\/v2\/users\/1"}],"replies":[{"embeddable":true,"href":"http:\/\/www.amis-musee-faience-quimper.fr\/index.php\/wp-json\/wp\/v2\/comments?post=3771"}],"version-history":[{"count":6,"href":"http:\/\/www.amis-musee-faience-quimper.fr\/index.php\/wp-json\/wp\/v2\/posts\/3771\/revisions"}],"predecessor-version":[{"id":3779,"href":"http:\/\/www.amis-musee-faience-quimper.fr\/index.php\/wp-json\/wp\/v2\/posts\/3771\/revisions\/3779"}],"wp:attachment":[{"href":"http:\/\/www.amis-musee-faience-quimper.fr\/index.php\/wp-json\/wp\/v2\/media?parent=3771"}],"wp:term":[{"taxonomy":"category","embeddable":true,"href":"http:\/\/www.amis-musee-faience-quimper.fr\/index.php\/wp-json\/wp\/v2\/categories?post=3771"},{"taxonomy":"post_tag","embeddable":true,"href":"http:\/\/www.amis-musee-faience-quimper.fr\/index.php\/wp-json\/wp\/v2\/tags?post=3771"}],"curies":[{"name":"wp","href":"https:\/\/api.w.org\/{rel}","templated":true}]}}