{"id":3284,"date":"2019-12-08T15:36:27","date_gmt":"2019-12-08T14:36:27","guid":{"rendered":"http:\/\/www.amis-musee-faience-quimper.fr\/?p=3284"},"modified":"2019-12-08T15:36:36","modified_gmt":"2019-12-08T14:36:36","slug":"la-faience-de-quimper-expliquee-par-pierre-jean-guillausseau-le-telegramme","status":"publish","type":"post","link":"http:\/\/www.amis-musee-faience-quimper.fr\/index.php\/2019\/12\/08\/la-faience-de-quimper-expliquee-par-pierre-jean-guillausseau-le-telegramme\/","title":{"rendered":"La fa\u00efence de Quimper expliqu\u00e9e par Pierre-Jean Guillausseau (Le T\u00e9l\u00e9gramme)."},"content":{"rendered":"\n<figure class=\"wp-block-image size-large\"><img loading=\"lazy\" decoding=\"async\" width=\"800\" height=\"472\" src=\"http:\/\/www.amis-musee-faience-quimper.fr\/wp-content\/uploads\/2019\/12\/pierre_jean_guillausseau.jpg\" alt=\"Pierre-Jean Guillausseau\" class=\"wp-image-3285\" srcset=\"http:\/\/www.amis-musee-faience-quimper.fr\/wp-content\/uploads\/2019\/12\/pierre_jean_guillausseau.jpg 800w, http:\/\/www.amis-musee-faience-quimper.fr\/wp-content\/uploads\/2019\/12\/pierre_jean_guillausseau-300x177.jpg 300w, http:\/\/www.amis-musee-faience-quimper.fr\/wp-content\/uploads\/2019\/12\/pierre_jean_guillausseau-768x453.jpg 768w, http:\/\/www.amis-musee-faience-quimper.fr\/wp-content\/uploads\/2019\/12\/pierre_jean_guillausseau-500x295.jpg 500w\" sizes=\"auto, (max-width: 800px) 100vw, 800px\" \/><figcaption>Pierre-Jean Guillausseau a annonc\u00e9 que gr\u00e2ce \u00e0 un de ses amis collectionneurs, une grande exposition de vierges issues des fa\u00efenceries quimp\u00e9roises aurait lieu en 2020 \u00e0 Sainte-Anne d&rsquo;Auray.<\/figcaption><\/figure>\n\n\n\n<p><em><strong>\u00ab Par int\u00e9r\u00eat pour la Bretagne, j\u2019ai achet\u00e9 ma premi\u00e8re assiette \u00e0 l\u2019\u00e2ge de 13-14 ans ; \u00e7a m\u2019a valu les remontrances de ma m\u00e8re ! \u00bb<\/strong><\/em>, raconte le professeur de m\u00e9decine Pierre-Jean Guillausseau, pour expliquer sa passion pour la fa\u00efence de Quimper, dont il est devenu collectionneur et expert, avec un regard diff\u00e9rent des conservateurs.<em><strong> \u00ab J\u2019ai une approche scientifique ; je raisonne sur les grandes s\u00e9ries \u00bb<\/strong><\/em>, pr\u00e9cise-t-il. Jusqu\u2019au 21 d\u00e9cembre, \u00e0 la m\u00e9diath\u00e8que de Locoal-Mendon, il en pr\u00e9sente un panorama de 1820 aux cr\u00e9ations de Fouillen, Moal, Lapicque, etc. Vendredi 6 d\u00e9cembre, devant un public captiv\u00e9, il a retrac\u00e9 l\u2019histoire des manufactures depuis 1708.<\/p>\n\n\n\n<p><em>Publi\u00e9 le 8 d\u00e9cembre 2019 par Jean-Yves Collin &#8211; Le T\u00e9l\u00e9gramme \u00a9<\/em><\/p>\n","protected":false},"excerpt":{"rendered":"<p>\u00ab Par int\u00e9r\u00eat pour la Bretagne, j\u2019ai achet\u00e9 ma premi\u00e8re assiette \u00e0 l\u2019\u00e2ge de 13-14 ans ; \u00e7a m\u2019a valu les remontrances de ma m\u00e8re ! \u00bb, raconte le professeur de m\u00e9decine Pierre-Jean Guillausseau, pour expliquer sa passion pour la &hellip; <a href=\"http:\/\/www.amis-musee-faience-quimper.fr\/index.php\/2019\/12\/08\/la-faience-de-quimper-expliquee-par-pierre-jean-guillausseau-le-telegramme\/\">Continuer la lecture <span class=\"meta-nav\">&rarr;<\/span><\/a><\/p>\n","protected":false},"author":1,"featured_media":0,"comment_status":"open","ping_status":"open","sticky":false,"template":"","format":"standard","meta":{"_monsterinsights_skip_tracking":false,"_monsterinsights_sitenote_active":false,"_monsterinsights_sitenote_note":"","_monsterinsights_sitenote_category":0,"jetpack_post_was_ever_published":false,"_jetpack_newsletter_access":"","_jetpack_dont_email_post_to_subs":false,"_jetpack_newsletter_tier_id":0,"_jetpack_memberships_contains_paywalled_content":false,"_jetpack_memberships_contains_paid_content":false,"footnotes":"","jetpack_publicize_message":"","jetpack_publicize_feature_enabled":true,"jetpack_social_post_already_shared":true,"jetpack_social_options":{"image_generator_settings":{"template":"highway","enabled":false}}},"categories":[17],"tags":[614,936,179,9,7,963,115,959,890,369,929,191,274,23,14,146],"class_list":["post-3284","post","type-post","status-publish","format-standard","hentry","category-actualites","tag-614","tag-936","tag-bretagne","tag-exposition","tag-faience","tag-jean-yves-collin","tag-lapicque","tag-locoal-mendon","tag-mediatheque","tag-moal","tag-olivier-lapicque","tag-paul-fouillen","tag-pierre-jean-guillausseau","tag-quimper","tag-telegramme","tag-vierge"],"jetpack_publicize_connections":[],"aioseo_notices":[],"jetpack_featured_media_url":"","jetpack_sharing_enabled":true,"jetpack_shortlink":"https:\/\/wp.me\/p8tKLp-QY","_links":{"self":[{"href":"http:\/\/www.amis-musee-faience-quimper.fr\/index.php\/wp-json\/wp\/v2\/posts\/3284","targetHints":{"allow":["GET"]}}],"collection":[{"href":"http:\/\/www.amis-musee-faience-quimper.fr\/index.php\/wp-json\/wp\/v2\/posts"}],"about":[{"href":"http:\/\/www.amis-musee-faience-quimper.fr\/index.php\/wp-json\/wp\/v2\/types\/post"}],"author":[{"embeddable":true,"href":"http:\/\/www.amis-musee-faience-quimper.fr\/index.php\/wp-json\/wp\/v2\/users\/1"}],"replies":[{"embeddable":true,"href":"http:\/\/www.amis-musee-faience-quimper.fr\/index.php\/wp-json\/wp\/v2\/comments?post=3284"}],"version-history":[{"count":1,"href":"http:\/\/www.amis-musee-faience-quimper.fr\/index.php\/wp-json\/wp\/v2\/posts\/3284\/revisions"}],"predecessor-version":[{"id":3286,"href":"http:\/\/www.amis-musee-faience-quimper.fr\/index.php\/wp-json\/wp\/v2\/posts\/3284\/revisions\/3286"}],"wp:attachment":[{"href":"http:\/\/www.amis-musee-faience-quimper.fr\/index.php\/wp-json\/wp\/v2\/media?parent=3284"}],"wp:term":[{"taxonomy":"category","embeddable":true,"href":"http:\/\/www.amis-musee-faience-quimper.fr\/index.php\/wp-json\/wp\/v2\/categories?post=3284"},{"taxonomy":"post_tag","embeddable":true,"href":"http:\/\/www.amis-musee-faience-quimper.fr\/index.php\/wp-json\/wp\/v2\/tags?post=3284"}],"curies":[{"name":"wp","href":"https:\/\/api.w.org\/{rel}","templated":true}]}}