{"id":3202,"date":"2019-11-11T09:45:24","date_gmt":"2019-11-11T08:45:24","guid":{"rendered":"http:\/\/www.amis-musee-faience-quimper.fr\/?p=3202"},"modified":"2019-11-11T09:45:09","modified_gmt":"2019-11-11T08:45:09","slug":"le-salon-antiquites-brocante-design-2019-a-quimper-video","status":"publish","type":"post","link":"http:\/\/www.amis-musee-faience-quimper.fr\/index.php\/2019\/11\/11\/le-salon-antiquites-brocante-design-2019-a-quimper-video\/","title":{"rendered":"Le salon \u00ab\u00a0Antiquit\u00e9s Brocante Design\u00a0\u00bb 2019 \u00e0 Quimper (vid\u00e9o)."},"content":{"rendered":"\n<p>Le salon \u00ab\u00a0Antiquit\u00e9s Brocante Design\u00a0\u00bb se tient \u00e0 Quimper jusqu&rsquo;au lundi 11 novembre 2019.<br>L&rsquo;association pr\u00e9sente en avant-premi\u00e8re l&rsquo;exposition 2020 du Mus\u00e9e de la Fa\u00efence sur les artistes de la manufacture Keraluc, avec un focus sur Xavier Krebs (1923-2013).<\/p>\n\n\n\n<iframe loading=\"lazy\" src=\"https:\/\/www.youtube.com\/embed\/VDoDhNi-zMY\" allow=\"accelerometer; autoplay; encrypted-media; gyroscope; picture-in-picture\" allowfullscreen=\"\" width=\"640\" height=\"320\" frameborder=\"0\"><\/iframe>\n\n\n\n<p><em>Association des Amis du Mus\u00e9e et de la Fa\u00efence de Quimper \u00a9<\/em><\/p>\n","protected":false},"excerpt":{"rendered":"<p>Le salon \u00ab\u00a0Antiquit\u00e9s Brocante Design\u00a0\u00bb se tient \u00e0 Quimper jusqu&rsquo;au lundi 11 novembre 2019.L&rsquo;association pr\u00e9sente en avant-premi\u00e8re l&rsquo;exposition 2020 du Mus\u00e9e de la Fa\u00efence sur les artistes de la manufacture Keraluc, avec un focus sur Xavier Krebs (1923-2013). Association des &hellip; <a href=\"http:\/\/www.amis-musee-faience-quimper.fr\/index.php\/2019\/11\/11\/le-salon-antiquites-brocante-design-2019-a-quimper-video\/\">Continuer la lecture <span class=\"meta-nav\">&rarr;<\/span><\/a><\/p>\n","protected":false},"author":1,"featured_media":0,"comment_status":"open","ping_status":"open","sticky":false,"template":"","format":"standard","meta":{"_monsterinsights_skip_tracking":false,"_monsterinsights_sitenote_active":false,"_monsterinsights_sitenote_note":"","_monsterinsights_sitenote_category":0,"jetpack_post_was_ever_published":false,"_jetpack_newsletter_access":"","_jetpack_dont_email_post_to_subs":false,"_jetpack_newsletter_tier_id":0,"_jetpack_memberships_contains_paywalled_content":false,"_jetpack_memberships_contains_paid_content":false,"footnotes":"","jetpack_publicize_message":"","jetpack_publicize_feature_enabled":true,"jetpack_social_post_already_shared":true,"jetpack_social_options":{"image_generator_settings":{"template":"highway","enabled":false}}},"categories":[17],"tags":[614,69,739,407,366,195,408,7,297,249,42,409,410,23,194,25],"class_list":["post-3202","post","type-post","status-publish","format-standard","hentry","category-actualites","tag-614","tag-amis","tag-antiquaire","tag-antiquites","tag-association","tag-brocante","tag-design","tag-faience","tag-keraluc","tag-krebs","tag-odetta","tag-parc-des-expositions","tag-penvillers","tag-quimper","tag-salon","tag-video"],"jetpack_publicize_connections":[],"aioseo_notices":[],"jetpack_featured_media_url":"","jetpack_sharing_enabled":true,"jetpack_shortlink":"https:\/\/wp.me\/p8tKLp-PE","_links":{"self":[{"href":"http:\/\/www.amis-musee-faience-quimper.fr\/index.php\/wp-json\/wp\/v2\/posts\/3202","targetHints":{"allow":["GET"]}}],"collection":[{"href":"http:\/\/www.amis-musee-faience-quimper.fr\/index.php\/wp-json\/wp\/v2\/posts"}],"about":[{"href":"http:\/\/www.amis-musee-faience-quimper.fr\/index.php\/wp-json\/wp\/v2\/types\/post"}],"author":[{"embeddable":true,"href":"http:\/\/www.amis-musee-faience-quimper.fr\/index.php\/wp-json\/wp\/v2\/users\/1"}],"replies":[{"embeddable":true,"href":"http:\/\/www.amis-musee-faience-quimper.fr\/index.php\/wp-json\/wp\/v2\/comments?post=3202"}],"version-history":[{"count":3,"href":"http:\/\/www.amis-musee-faience-quimper.fr\/index.php\/wp-json\/wp\/v2\/posts\/3202\/revisions"}],"predecessor-version":[{"id":3208,"href":"http:\/\/www.amis-musee-faience-quimper.fr\/index.php\/wp-json\/wp\/v2\/posts\/3202\/revisions\/3208"}],"wp:attachment":[{"href":"http:\/\/www.amis-musee-faience-quimper.fr\/index.php\/wp-json\/wp\/v2\/media?parent=3202"}],"wp:term":[{"taxonomy":"category","embeddable":true,"href":"http:\/\/www.amis-musee-faience-quimper.fr\/index.php\/wp-json\/wp\/v2\/categories?post=3202"},{"taxonomy":"post_tag","embeddable":true,"href":"http:\/\/www.amis-musee-faience-quimper.fr\/index.php\/wp-json\/wp\/v2\/tags?post=3202"}],"curies":[{"name":"wp","href":"https:\/\/api.w.org\/{rel}","templated":true}]}}