{"id":3085,"date":"2019-09-09T19:29:50","date_gmt":"2019-09-09T17:29:50","guid":{"rendered":"http:\/\/www.amis-musee-faience-quimper.fr\/?p=3085"},"modified":"2019-09-09T19:29:55","modified_gmt":"2019-09-09T17:29:55","slug":"terres-de-bretagne-du-pays-rennais-a-la-presquile-de-crozon-france-3","status":"publish","type":"post","link":"http:\/\/www.amis-musee-faience-quimper.fr\/index.php\/2019\/09\/09\/terres-de-bretagne-du-pays-rennais-a-la-presquile-de-crozon-france-3\/","title":{"rendered":"Terres de Bretagne : Du pays rennais \u00e0 la presqu&rsquo;\u00eele de Crozon (France 3)."},"content":{"rendered":"\n<p>Visitez les greniers des fa\u00efenceries de Quimper, en compagnie de Jean-Pierre le Goff, propri\u00e9taire de la manufacture (extrait de l&rsquo;\u00e9mission \u00ab\u00a0Des Racines et Des Ailes\u00a0\u00bb).<\/p>\n\n\n\n<iframe loading=\"lazy\" src=\"https:\/\/www.youtube.com\/embed\/sNx818UII4E\" allow=\"accelerometer; autoplay; encrypted-media; gyroscope; picture-in-picture\" allowfullscreen=\"\" width=\"640\" height=\"360\" frameborder=\"0\"><\/iframe>\n\n\n\n<p><em>Publi\u00e9 le 8 septembre 2019 par Emmanuel Roblin &#8211; France 3, Des Racines et des Ailes \u00a9<\/em><\/p>\n","protected":false},"excerpt":{"rendered":"<p>Visitez les greniers des fa\u00efenceries de Quimper, en compagnie de Jean-Pierre le Goff, propri\u00e9taire de la manufacture (extrait de l&rsquo;\u00e9mission \u00ab\u00a0Des Racines et Des Ailes\u00a0\u00bb). Publi\u00e9 le 8 septembre 2019 par Emmanuel Roblin &#8211; France 3, Des Racines et des &hellip; <a href=\"http:\/\/www.amis-musee-faience-quimper.fr\/index.php\/2019\/09\/09\/terres-de-bretagne-du-pays-rennais-a-la-presquile-de-crozon-france-3\/\">Continuer la lecture <span class=\"meta-nav\">&rarr;<\/span><\/a><\/p>\n","protected":false},"author":1,"featured_media":0,"comment_status":"open","ping_status":"open","sticky":false,"template":"","format":"standard","meta":{"_monsterinsights_skip_tracking":false,"_monsterinsights_sitenote_active":false,"_monsterinsights_sitenote_note":"","_monsterinsights_sitenote_category":0,"jetpack_post_was_ever_published":false,"_jetpack_newsletter_access":"","_jetpack_dont_email_post_to_subs":false,"_jetpack_newsletter_tier_id":0,"_jetpack_memberships_contains_paywalled_content":false,"_jetpack_memberships_contains_paid_content":false,"footnotes":"","jetpack_publicize_message":"","jetpack_publicize_feature_enabled":true,"jetpack_social_post_already_shared":true,"jetpack_social_options":{"image_generator_settings":{"template":"highway","enabled":false}}},"categories":[17],"tags":[614,916,917,717,430,401,61,915,25],"class_list":["post-3085","post","type-post","status-publish","format-standard","hentry","category-actualites","tag-614","tag-anna-quinquaud","tag-emmanuel-roblin","tag-france-3","tag-henriot-quimper","tag-jean-pierre-le-goff","tag-manufacture","tag-mathieu-pung","tag-video"],"jetpack_publicize_connections":[],"aioseo_notices":[],"jetpack_featured_media_url":"","jetpack_sharing_enabled":true,"jetpack_shortlink":"https:\/\/wp.me\/p8tKLp-NL","_links":{"self":[{"href":"http:\/\/www.amis-musee-faience-quimper.fr\/index.php\/wp-json\/wp\/v2\/posts\/3085","targetHints":{"allow":["GET"]}}],"collection":[{"href":"http:\/\/www.amis-musee-faience-quimper.fr\/index.php\/wp-json\/wp\/v2\/posts"}],"about":[{"href":"http:\/\/www.amis-musee-faience-quimper.fr\/index.php\/wp-json\/wp\/v2\/types\/post"}],"author":[{"embeddable":true,"href":"http:\/\/www.amis-musee-faience-quimper.fr\/index.php\/wp-json\/wp\/v2\/users\/1"}],"replies":[{"embeddable":true,"href":"http:\/\/www.amis-musee-faience-quimper.fr\/index.php\/wp-json\/wp\/v2\/comments?post=3085"}],"version-history":[{"count":2,"href":"http:\/\/www.amis-musee-faience-quimper.fr\/index.php\/wp-json\/wp\/v2\/posts\/3085\/revisions"}],"predecessor-version":[{"id":3087,"href":"http:\/\/www.amis-musee-faience-quimper.fr\/index.php\/wp-json\/wp\/v2\/posts\/3085\/revisions\/3087"}],"wp:attachment":[{"href":"http:\/\/www.amis-musee-faience-quimper.fr\/index.php\/wp-json\/wp\/v2\/media?parent=3085"}],"wp:term":[{"taxonomy":"category","embeddable":true,"href":"http:\/\/www.amis-musee-faience-quimper.fr\/index.php\/wp-json\/wp\/v2\/categories?post=3085"},{"taxonomy":"post_tag","embeddable":true,"href":"http:\/\/www.amis-musee-faience-quimper.fr\/index.php\/wp-json\/wp\/v2\/tags?post=3085"}],"curies":[{"name":"wp","href":"https:\/\/api.w.org\/{rel}","templated":true}]}}