{"id":2510,"date":"2019-02-06T17:26:09","date_gmt":"2019-02-06T16:26:09","guid":{"rendered":"http:\/\/www.amis-musee-faience-quimper.fr\/?p=2510"},"modified":"2019-02-06T14:29:04","modified_gmt":"2019-02-06T13:29:04","slug":"le-soldat-de-boue-dvd","status":"publish","type":"post","link":"http:\/\/www.amis-musee-faience-quimper.fr\/index.php\/2019\/02\/06\/le-soldat-de-boue-dvd\/","title":{"rendered":"Le Soldat de boue &#8211; dvd"},"content":{"rendered":"\n<p>Le documentaire d&rsquo;hubert Budor est d\u00e9sormais disponible en DVD.<\/p>\n\n\n\n<div class=\"wp-block-image\"><figure class=\"alignleft is-resized\"><img loading=\"lazy\" decoding=\"async\" src=\"http:\/\/www.amis-musee-faience-quimper.fr\/wp-content\/uploads\/2019\/02\/Le_soldat_de_boue_DVD_2.jpg\" alt=\"Les dessins de Mathurin M\u00e9heut pendant la Grande guerre - \u00a9 Aber Images\" class=\"wp-image-2512\" width=\"200\" height=\"272\" srcset=\"http:\/\/www.amis-musee-faience-quimper.fr\/wp-content\/uploads\/2019\/02\/Le_soldat_de_boue_DVD_2.jpg 400w, http:\/\/www.amis-musee-faience-quimper.fr\/wp-content\/uploads\/2019\/02\/Le_soldat_de_boue_DVD_2-221x300.jpg 221w\" sizes=\"auto, (max-width: 200px) 100vw, 200px\" \/><\/figure><\/div>\n\n\n\n<p>Ao\u00fbt 1914. Lorsque la guerre est d\u00e9clar\u00e9e, le peintre Mathurin M\u00e9heut est au Japon avec sa femme. Deux mois plus tard, il se retrouve en premi\u00e8re ligne, dans les tranch\u00e9es du c\u00f4t\u00e9 d&rsquo;Arras. Chaque jour, il ne cesser de dessiner et de peindre. Dans les lettres qu&rsquo;il envoie \u00e0 sa femme et sa fille, il raconte la cruaut\u00e9 des combats, les conditions de vie ex\u00e9crables, la douleur d&rsquo;\u00eatre s\u00e9par\u00e9 d&rsquo;elles.<\/p>\n\n\n\n<p style=\"text-align:right\"><em><strong>Disponible depuis le 5 f\u00e9vrier 2019 &#8211; Tarif : 14\u20ac99 &#8211;  EAN : 3760233154730 <\/strong><\/em><\/p>\n\n\n\n<p style=\"text-align:right\"><strong><em>Documentaire de 52 minutes &#8211;  \u00c9diteur : Rimini Editions &#8211; Distributeur : Arcad\u00e8s<\/em><\/strong><\/p>\n\n\n\n<div class=\"wp-block-image\"><figure class=\"aligncenter is-resized\"><img loading=\"lazy\" decoding=\"async\" src=\"http:\/\/www.amis-musee-faience-quimper.fr\/wp-content\/uploads\/2019\/02\/Le_soldat_de_boue_DVD_1.jpg\" alt=\"Les dessins de Mathurin M\u00e9heut pendant la Grande guerre - \u00a9 Aber Images\" class=\"wp-image-2511\" width=\"500\" height=\"351\" srcset=\"http:\/\/www.amis-musee-faience-quimper.fr\/wp-content\/uploads\/2019\/02\/Le_soldat_de_boue_DVD_1.jpg 1000w, http:\/\/www.amis-musee-faience-quimper.fr\/wp-content\/uploads\/2019\/02\/Le_soldat_de_boue_DVD_1-300x210.jpg 300w, http:\/\/www.amis-musee-faience-quimper.fr\/wp-content\/uploads\/2019\/02\/Le_soldat_de_boue_DVD_1-768x538.jpg 768w, http:\/\/www.amis-musee-faience-quimper.fr\/wp-content\/uploads\/2019\/02\/Le_soldat_de_boue_DVD_1-428x300.jpg 428w\" sizes=\"auto, (max-width: 500px) 100vw, 500px\" \/><\/figure><\/div>\n\n\n\n<hr class=\"wp-block-separator\"\/>\n\n\n\n<h2 class=\"wp-block-heading\" style=\"text-align:center\">Interview d&rsquo;hubert Budor pour le documentaire \u00ab\u00a0Le soldat de boue\u00a0\u00bb (<a href=\"https:\/\/www.kubweb.media\/page\/meheut-soldat-de-boue-mathurin-guerre-hubert-budor\/\" target=\"_blank\" rel=\"noreferrer noopener\" aria-label=\"Kub (opens in a new tab)\">Kub<\/a>).<\/h2>\n\n\n\n<iframe loading=\"lazy\" src=\"https:\/\/www.youtube.com\/embed\/_xQoxFpAbHA\" allow=\"accelerometer; autoplay; encrypted-media; gyroscope; picture-in-picture\" allowfullscreen=\"\" width=\"640\" height=\"360\" frameborder=\"0\"><\/iframe>\n\n\n\n<p style=\"text-align:center\"><a href=\"http:\/\/www.amis-musee-faience-quimper.fr\/index.php\/2017\/11\/03\/le-soldat-de-boue-mathurin-meheut-dans-la-grande-guerre-france-3-bretagne\/\">Plus d&rsquo;informations.<\/a><\/p>\n","protected":false},"excerpt":{"rendered":"<p>Le documentaire d&rsquo;hubert Budor est d\u00e9sormais disponible en DVD. Ao\u00fbt 1914. Lorsque la guerre est d\u00e9clar\u00e9e, le peintre Mathurin M\u00e9heut est au Japon avec sa femme. Deux mois plus tard, il se retrouve en premi\u00e8re ligne, dans les tranch\u00e9es du &hellip; <a href=\"http:\/\/www.amis-musee-faience-quimper.fr\/index.php\/2019\/02\/06\/le-soldat-de-boue-dvd\/\">Continuer la lecture <span class=\"meta-nav\">&rarr;<\/span><\/a><\/p>\n","protected":false},"author":1,"featured_media":0,"comment_status":"open","ping_status":"open","sticky":false,"template":"","format":"standard","meta":{"_monsterinsights_skip_tracking":false,"_monsterinsights_sitenote_active":false,"_monsterinsights_sitenote_note":"","_monsterinsights_sitenote_category":0,"jetpack_post_was_ever_published":false,"_jetpack_newsletter_access":"","_jetpack_dont_email_post_to_subs":false,"_jetpack_newsletter_tier_id":0,"_jetpack_memberships_contains_paywalled_content":false,"_jetpack_memberships_contains_paid_content":false,"footnotes":"","jetpack_publicize_message":"","jetpack_publicize_feature_enabled":true,"jetpack_social_post_already_shared":true,"jetpack_social_options":{"image_generator_settings":{"template":"highway","enabled":false}}},"categories":[17],"tags":[333,438,614,440,443,769,442,770,771,160,25],"class_list":["post-2510","post","type-post","status-publish","format-standard","hentry","category-actualites","tag-333","tag-438","tag-614","tag-aber-images","tag-documentaire","tag-dvd","tag-hubert-budor","tag-interview","tag-kub","tag-meheut","tag-video"],"jetpack_publicize_connections":[],"aioseo_notices":[],"jetpack_featured_media_url":"","jetpack_sharing_enabled":true,"jetpack_shortlink":"https:\/\/wp.me\/p8tKLp-Eu","_links":{"self":[{"href":"http:\/\/www.amis-musee-faience-quimper.fr\/index.php\/wp-json\/wp\/v2\/posts\/2510","targetHints":{"allow":["GET"]}}],"collection":[{"href":"http:\/\/www.amis-musee-faience-quimper.fr\/index.php\/wp-json\/wp\/v2\/posts"}],"about":[{"href":"http:\/\/www.amis-musee-faience-quimper.fr\/index.php\/wp-json\/wp\/v2\/types\/post"}],"author":[{"embeddable":true,"href":"http:\/\/www.amis-musee-faience-quimper.fr\/index.php\/wp-json\/wp\/v2\/users\/1"}],"replies":[{"embeddable":true,"href":"http:\/\/www.amis-musee-faience-quimper.fr\/index.php\/wp-json\/wp\/v2\/comments?post=2510"}],"version-history":[{"count":5,"href":"http:\/\/www.amis-musee-faience-quimper.fr\/index.php\/wp-json\/wp\/v2\/posts\/2510\/revisions"}],"predecessor-version":[{"id":2517,"href":"http:\/\/www.amis-musee-faience-quimper.fr\/index.php\/wp-json\/wp\/v2\/posts\/2510\/revisions\/2517"}],"wp:attachment":[{"href":"http:\/\/www.amis-musee-faience-quimper.fr\/index.php\/wp-json\/wp\/v2\/media?parent=2510"}],"wp:term":[{"taxonomy":"category","embeddable":true,"href":"http:\/\/www.amis-musee-faience-quimper.fr\/index.php\/wp-json\/wp\/v2\/categories?post=2510"},{"taxonomy":"post_tag","embeddable":true,"href":"http:\/\/www.amis-musee-faience-quimper.fr\/index.php\/wp-json\/wp\/v2\/tags?post=2510"}],"curies":[{"name":"wp","href":"https:\/\/api.w.org\/{rel}","templated":true}]}}