{"id":2136,"date":"2018-11-01T17:06:18","date_gmt":"2018-11-01T16:06:18","guid":{"rendered":"http:\/\/www.amis-musee-faience-quimper.fr\/?p=2136"},"modified":"2018-11-01T17:06:18","modified_gmt":"2018-11-01T16:06:18","slug":"bientot-le-salon-des-antiquaires-a-quimper-ouest-france","status":"publish","type":"post","link":"http:\/\/www.amis-musee-faience-quimper.fr\/index.php\/2018\/11\/01\/bientot-le-salon-des-antiquaires-a-quimper-ouest-france\/","title":{"rendered":"Bient\u00f4t le salon des antiquaires \u00e0 Quimper (Ouest-France)."},"content":{"rendered":"<h1><strong><span style=\"text-align: left; color: #333333; text-transform: none; text-indent: 0px; letter-spacing: normal; font-family: 'Helvetica Neue',Helvetica,Arial,'Nimbus Sans L',sans-serif; font-size: 15px; font-variant: normal; text-decoration: none; word-spacing: 0px; display: inline !important; white-space: normal; cursor: text; orphans: 2; float: none; -webkit-text-stroke-width: 0px; background-color: transparent;\">La 41e \u00e9dition du fameux salon des antiquaires de Quimper aura lieu du 9\u2009au 11 novembre 2018.<\/span><\/strong><\/h1>\n<div id=\"attachment_2137\" style=\"width: 1270px\" class=\"wp-caption aligncenter\"><img loading=\"lazy\" decoding=\"async\" aria-describedby=\"caption-attachment-2137\" class=\"size-full wp-image-2137\" src=\"http:\/\/www.amis-musee-faience-quimper.fr\/wp-content\/uploads\/2018\/11\/Le_salon_des_antiquaires_Quimper_2018.jpg\" alt=\"salon Antiquit\u00e9s Brocante Design de Quimper 2018.\" width=\"1260\" height=\"712\" srcset=\"http:\/\/www.amis-musee-faience-quimper.fr\/wp-content\/uploads\/2018\/11\/Le_salon_des_antiquaires_Quimper_2018.jpg 1260w, http:\/\/www.amis-musee-faience-quimper.fr\/wp-content\/uploads\/2018\/11\/Le_salon_des_antiquaires_Quimper_2018-300x170.jpg 300w, http:\/\/www.amis-musee-faience-quimper.fr\/wp-content\/uploads\/2018\/11\/Le_salon_des_antiquaires_Quimper_2018-768x434.jpg 768w, http:\/\/www.amis-musee-faience-quimper.fr\/wp-content\/uploads\/2018\/11\/Le_salon_des_antiquaires_Quimper_2018-1024x579.jpg 1024w, http:\/\/www.amis-musee-faience-quimper.fr\/wp-content\/uploads\/2018\/11\/Le_salon_des_antiquaires_Quimper_2018-500x283.jpg 500w\" sizes=\"auto, (max-width: 1260px) 100vw, 1260px\" \/><p id=\"caption-attachment-2137\" class=\"wp-caption-text\">Le salon des antiquaires ravira les amateurs de meubles anciens.<\/p><\/div>\n<p>Les amateurs de meubles anciens, de vieux bouquins, d\u2019art populaire, de tapis persans, de curiosit\u00e9s, de meubles de marine ou encore de fa\u00efences de Quimper vont pouvoir retrouver le salon des antiquaires baptis\u00e9 cette ann\u00e9e antiquit\u00e9s, brocante, design\u2009: c\u2019est sa 41e \u00e9dition et elle se d\u00e9roule au pavillon de Penvillers, \u00e0 Quimper (Finist\u00e8re). Au total, 80\u2009exposants sont attendus sous le hall et 8\u2009000\u2009spectateurs devraient \u00eatre au rendez-vous.<\/p>\n<h1><strong>Une exposition de sculptures en anciens appareils \u00e9lectroniques<\/strong><\/h1>\n<p>Le salon sera \u00e9galement l\u2019occasion de d\u00e9couvrir une exposition de l\u2019artiste R\u00e9my Tassou. Il r\u00e9alise des sculptures \u00e0 partir de d\u00e9chets d\u2019appareils \u00e9lectroniques. Une mani\u00e8re de mettre en \u0153uvre la complexit\u00e9 technologique tout en sensibilisant son public au recyclage et au r\u00e9emploi de ces objets.<\/p>\n<p>L\u2019association des amis du Mus\u00e9e de la fa\u00efence exposera, pour sa part, plus de cent pi\u00e8ces sur l\u2019histoire de cet art. Il y aura notamment une s\u00e9lection faisant partie de la future exposition 2019 consacr\u00e9e \u00e0 des fa\u00efences dont le d\u00e9cor reprend les th\u00e8mes des broderies bigoud\u00e8nes.<\/p>\n<p><em>Publi\u00e9 le 01\/11\/2018 &#8211; Ouest-France\u00a0\u00a9<\/em><\/p>\n","protected":false},"excerpt":{"rendered":"<p>La 41e \u00e9dition du fameux salon des antiquaires de Quimper aura lieu du 9\u2009au 11 novembre 2018. Les amateurs de meubles anciens, de vieux bouquins, d\u2019art populaire, de tapis persans, de curiosit\u00e9s, de meubles de marine ou encore de fa\u00efences &hellip; <a href=\"http:\/\/www.amis-musee-faience-quimper.fr\/index.php\/2018\/11\/01\/bientot-le-salon-des-antiquaires-a-quimper-ouest-france\/\">Continuer la lecture <span class=\"meta-nav\">&rarr;<\/span><\/a><\/p>\n","protected":false},"author":1,"featured_media":0,"comment_status":"open","ping_status":"open","sticky":false,"template":"","format":"standard","meta":{"_monsterinsights_skip_tracking":false,"_monsterinsights_sitenote_active":false,"_monsterinsights_sitenote_note":"","_monsterinsights_sitenote_category":0,"jetpack_post_was_ever_published":false,"_jetpack_newsletter_access":"","_jetpack_dont_email_post_to_subs":false,"_jetpack_newsletter_tier_id":0,"_jetpack_memberships_contains_paywalled_content":false,"_jetpack_memberships_contains_paid_content":false,"footnotes":"","jetpack_publicize_message":"","jetpack_publicize_feature_enabled":true,"jetpack_social_post_already_shared":true,"jetpack_social_options":{"image_generator_settings":{"template":"highway","enabled":false}}},"categories":[17],"tags":[476,614,69,407,366,195,486,408,9,7,309,12,345,409,410,23,701,194],"class_list":["post-2136","post","type-post","status-publish","format-standard","hentry","category-actualites","tag-476","tag-614","tag-amis","tag-antiquites","tag-association","tag-brocante","tag-broderie","tag-design","tag-exposition","tag-faience","tag-faiencier","tag-musee","tag-ouest-france","tag-parc-des-expositions","tag-penvillers","tag-quimper","tag-remy-tassou","tag-salon"],"jetpack_publicize_connections":[],"aioseo_notices":[],"jetpack_featured_media_url":"","jetpack_sharing_enabled":true,"jetpack_shortlink":"https:\/\/wp.me\/p8tKLp-ys","_links":{"self":[{"href":"http:\/\/www.amis-musee-faience-quimper.fr\/index.php\/wp-json\/wp\/v2\/posts\/2136","targetHints":{"allow":["GET"]}}],"collection":[{"href":"http:\/\/www.amis-musee-faience-quimper.fr\/index.php\/wp-json\/wp\/v2\/posts"}],"about":[{"href":"http:\/\/www.amis-musee-faience-quimper.fr\/index.php\/wp-json\/wp\/v2\/types\/post"}],"author":[{"embeddable":true,"href":"http:\/\/www.amis-musee-faience-quimper.fr\/index.php\/wp-json\/wp\/v2\/users\/1"}],"replies":[{"embeddable":true,"href":"http:\/\/www.amis-musee-faience-quimper.fr\/index.php\/wp-json\/wp\/v2\/comments?post=2136"}],"version-history":[{"count":2,"href":"http:\/\/www.amis-musee-faience-quimper.fr\/index.php\/wp-json\/wp\/v2\/posts\/2136\/revisions"}],"predecessor-version":[{"id":2139,"href":"http:\/\/www.amis-musee-faience-quimper.fr\/index.php\/wp-json\/wp\/v2\/posts\/2136\/revisions\/2139"}],"wp:attachment":[{"href":"http:\/\/www.amis-musee-faience-quimper.fr\/index.php\/wp-json\/wp\/v2\/media?parent=2136"}],"wp:term":[{"taxonomy":"category","embeddable":true,"href":"http:\/\/www.amis-musee-faience-quimper.fr\/index.php\/wp-json\/wp\/v2\/categories?post=2136"},{"taxonomy":"post_tag","embeddable":true,"href":"http:\/\/www.amis-musee-faience-quimper.fr\/index.php\/wp-json\/wp\/v2\/tags?post=2136"}],"curies":[{"name":"wp","href":"https:\/\/api.w.org\/{rel}","templated":true}]}}